{"id":4076,"date":"2026-04-29T06:20:20","date_gmt":"2026-04-29T09:20:20","guid":{"rendered":"https:\/\/vagas.portalemprego.com.br\/?p=4076"},"modified":"2026-04-29T06:20:20","modified_gmt":"2026-04-29T09:20:20","slug":"gerente-de-loja-interno-comercial-vendas-rio-de-janeiro","status":"publish","type":"post","link":"https:\/\/vagas.portalemprego.com.br\/?p=4076","title":{"rendered":"Gerente de Loja &#8211; Interno &#8211; Comercial, Vendas &#8211; Rio de Janeiro"},"content":{"rendered":"<p>Responsabilidades<br \/>\n&#8211; Gerenciar todas as opera\u00e7\u00f5es da loja, garantindo o cumprimento das metas comerciais e de rentabilidade.<br \/>\n&#8211; Desenvolver estrat\u00e9gias de vendas voltadas para o segmento de constru\u00e7\u00e3o civil a seco.<br \/>\n&#8211; Coordenar equipe de vendedores e consultores t\u00e9cnicos, promovendo treinamentos e acompanhamento de desempenho.<br \/>\n&#8211; Realizar prospec\u00e7\u00e3o de clientes.<br \/>\n&#8211;\u00a0Garantir\u00a0excel\u00eancia\u00a0no\u00a0atendimento\u00a0e\u00a0fideliza\u00e7\u00e3o\u00a0de\u00a0clientes.\u00a0\u00a0<br \/>\n&#8211;\u00a0Implementar\u00a0campanhas\u00a0promocionais\u00a0e\u00a0a\u00e7\u00f5es\u00a0de\u00a0leads  entre outras a\u00e7\u00f5es.<br \/>\nRequisitos<br \/>\n&#8211; Experi\u00eancia comprovada em gest\u00e3o comercial.<br \/>\n&#8211; Habilidade em lideran\u00e7a de equipes e gest\u00e3o de resultados.<br \/>\n&#8211; Perfil proativo, com foco em metas e capacidade de negocia\u00e7\u00e3o.<br \/>\n&#8211; Monitorar indicadores de vendas, estoque, margem e satisfa\u00e7\u00e3o do cliente.<br \/>\n &#8211;\u00a0Pacote Office Intermedi\u00e1rio<br \/>\n\u00a0&#8211;\u00a0Experi\u00eancia com pacote Office, CRM &#8211; intermedi\u00e1rio<\/p>\n<ul>\n<li>Local de trabalho: Rio de Janeiro, RJ<\/li>\n<li>Regime de contrata\u00e7\u00e3o de tipo: Efetivo \u2013 CLT<\/li>\n<li>Jornada: Per\u00edodo Integral<\/li>\n<li>\u00c1rea e especializa\u00e7\u00e3o profissional: Comercial, Vendas &#8211; Venda Interna<\/li>\n<li>N\u00edvel hier\u00e1rquico: Gerente<\/li>\n<\/ul>\n<p>VALORIZADO<\/p>\n<p>Tempo de experi\u00eancia: Entre 3 e 5 anos<\/p>\n<p>HABILIDADES<\/p>\n<ul>\n<li>Treinar pessoas<\/li>\n<li>Controle emocional<\/li>\n<li>Adaptabilidade<\/li>\n<li>Vis\u00e3o estrat\u00e9gica<\/li>\n<li>Comunica\u00e7\u00e3o clara<\/li>\n<li>Negocia\u00e7\u00e3o<\/li>\n<li>Resolu\u00e7\u00e3o de problemas<\/li>\n<\/ul>\n<p>Escolaridade M\u00ednima: Ensino Superior<\/p>\n","protected":false},"excerpt":{"rendered":"<p>Responsabilidades &#8211; Gerenciar todas as opera\u00e7\u00f5es da loja, garantindo o cumprimento das metas comerciais e de rentabilidade. &#8211; Desenvolver estrat\u00e9gias de vendas voltadas para o segmento de constru\u00e7\u00e3o civil a seco. &#8211; Coordenar equipe de vendedores e consultores t\u00e9cnicos, promovendo treinamentos e acompanhamento de desempenho. &#8211; Realizar prospec\u00e7\u00e3o de clientes. &#8211;\u00a0Garantir\u00a0excel\u00eancia\u00a0no\u00a0atendimento\u00a0e\u00a0fideliza\u00e7\u00e3o\u00a0de\u00a0clientes.\u00a0\u00a0 &#8211;\u00a0Implementar\u00a0campanhas\u00a0promocionais\u00a0e\u00a0a\u00e7\u00f5es\u00a0de\u00a0leads entre outras a\u00e7\u00f5es. [&hellip;]<\/p>\n","protected":false},"author":1,"featured_media":0,"comment_status":"open","ping_status":"open","sticky":false,"template":"","format":"standard","meta":{"footnotes":""},"categories":[21],"tags":[],"class_list":["post-4076","post","type-post","status-publish","format-standard","hentry","category-rio-de-janeiro-rj"],"_links":{"self":[{"href":"https:\/\/vagas.portalemprego.com.br\/index.php?rest_route=\/wp\/v2\/posts\/4076","targetHints":{"allow":["GET"]}}],"collection":[{"href":"https:\/\/vagas.portalemprego.com.br\/index.php?rest_route=\/wp\/v2\/posts"}],"about":[{"href":"https:\/\/vagas.portalemprego.com.br\/index.php?rest_route=\/wp\/v2\/types\/post"}],"author":[{"embeddable":true,"href":"https:\/\/vagas.portalemprego.com.br\/index.php?rest_route=\/wp\/v2\/users\/1"}],"replies":[{"embeddable":true,"href":"https:\/\/vagas.portalemprego.com.br\/index.php?rest_route=%2Fwp%2Fv2%2Fcomments&post=4076"}],"version-history":[{"count":0,"href":"https:\/\/vagas.portalemprego.com.br\/index.php?rest_route=\/wp\/v2\/posts\/4076\/revisions"}],"wp:attachment":[{"href":"https:\/\/vagas.portalemprego.com.br\/index.php?rest_route=%2Fwp%2Fv2%2Fmedia&parent=4076"}],"wp:term":[{"taxonomy":"category","embeddable":true,"href":"https:\/\/vagas.portalemprego.com.br\/index.php?rest_route=%2Fwp%2Fv2%2Fcategories&post=4076"},{"taxonomy":"post_tag","embeddable":true,"href":"https:\/\/vagas.portalemprego.com.br\/index.php?rest_route=%2Fwp%2Fv2%2Ftags&post=4076"}],"curies":[{"name":"wp","href":"https:\/\/api.w.org\/{rel}","templated":true}]}}