{"id":4077,"date":"2026-04-29T06:20:20","date_gmt":"2026-04-29T09:20:20","guid":{"rendered":"https:\/\/vagas.portalemprego.com.br\/?p=4077"},"modified":"2026-04-29T06:20:20","modified_gmt":"2026-04-29T09:20:20","slug":"auxiliar-de-servicos-gerais-servicos-gerais-rio-de-janeiro-62","status":"publish","type":"post","link":"https:\/\/vagas.portalemprego.com.br\/?p=4077","title":{"rendered":"Auxiliar de Servi\u00e7os Gerais &#8211; Servi\u00e7os Gerais &#8211; Rio de Janeiro"},"content":{"rendered":"<p>Estamos em busca de um(a) Auxiliar de Limpeza respons\u00e1vel, organizado(a) e comprometido(a) para atuar na higieniza\u00e7\u00e3o e conserva\u00e7\u00e3o de um ambiente corporativo. O(a) profissional ser\u00e1 respons\u00e1vel por manter o escrit\u00f3rio limpo, agrad\u00e1vel e bem cuidado, garantindo o bem-estar dos colaboradores e visitantes.<br \/>\nPrincipais atividades:<br \/>\nRealizar a limpeza e conserva\u00e7\u00e3o das salas, banheiros, copa e \u00e1reas comuns;<br \/>\nRepor materiais de higiene (papel toalha, papel higi\u00eanico, sabonete, etc.);<br \/>\nFazer a limpeza de mesas, vidros, pisos, janelas e mobili\u00e1rio;<br \/>\nRetirar o lixo diariamente e manter os ambientes organizados;<br \/>\nApoiar em pequenas demandas de copa (preparo de caf\u00e9, organiza\u00e7\u00e3o de copos e utens\u00edlios, quando necess\u00e1rio);<br \/>\nSeguir as normas de seguran\u00e7a e higiene da empresa.<br \/>\nRequisitos:<br \/>\nExperi\u00eancia anterior na fun\u00e7\u00e3o, preferencialmente em escrit\u00f3rios ou ambientes administrativos;<br \/>\nCapacidade de organiza\u00e7\u00e3o e aten\u00e7\u00e3o aos detalhes;<br \/>\nComprometimento com pontualidade e qualidade do servi\u00e7o;<br \/>\nFacilidade para trabalhar em equipe.<\/p>\n<ul>\n<li>Local de trabalho: Rio de Janeiro, RJ<\/li>\n<li>Regime de contrata\u00e7\u00e3o de tipo: Efetivo \u2013 CLT<\/li>\n<li>Jornada: Per\u00edodo Integral<\/li>\n<li>\u00c1rea e especializa\u00e7\u00e3o profissional: Servi\u00e7os Gerais &#8211; Limpeza<\/li>\n<li>N\u00edvel hier\u00e1rquico: Auxiliar<\/li>\n<\/ul>\n<p>Escolaridade M\u00ednima: Ensino Fundamental (1\u00ba grau)<\/p>\n<p>Sal\u00e1rio: 2100,0<\/p>\n","protected":false},"excerpt":{"rendered":"<p>Estamos em busca de um(a) Auxiliar de Limpeza respons\u00e1vel, organizado(a) e comprometido(a) para atuar na higieniza\u00e7\u00e3o e conserva\u00e7\u00e3o de um ambiente corporativo. O(a) profissional ser\u00e1 respons\u00e1vel por manter o escrit\u00f3rio limpo, agrad\u00e1vel e bem cuidado, garantindo o bem-estar dos colaboradores e visitantes. Principais atividades: Realizar a limpeza e conserva\u00e7\u00e3o das salas, banheiros, copa e \u00e1reas [&hellip;]<\/p>\n","protected":false},"author":1,"featured_media":0,"comment_status":"open","ping_status":"open","sticky":false,"template":"","format":"standard","meta":{"footnotes":""},"categories":[21],"tags":[],"class_list":["post-4077","post","type-post","status-publish","format-standard","hentry","category-rio-de-janeiro-rj"],"_links":{"self":[{"href":"https:\/\/vagas.portalemprego.com.br\/index.php?rest_route=\/wp\/v2\/posts\/4077","targetHints":{"allow":["GET"]}}],"collection":[{"href":"https:\/\/vagas.portalemprego.com.br\/index.php?rest_route=\/wp\/v2\/posts"}],"about":[{"href":"https:\/\/vagas.portalemprego.com.br\/index.php?rest_route=\/wp\/v2\/types\/post"}],"author":[{"embeddable":true,"href":"https:\/\/vagas.portalemprego.com.br\/index.php?rest_route=\/wp\/v2\/users\/1"}],"replies":[{"embeddable":true,"href":"https:\/\/vagas.portalemprego.com.br\/index.php?rest_route=%2Fwp%2Fv2%2Fcomments&post=4077"}],"version-history":[{"count":0,"href":"https:\/\/vagas.portalemprego.com.br\/index.php?rest_route=\/wp\/v2\/posts\/4077\/revisions"}],"wp:attachment":[{"href":"https:\/\/vagas.portalemprego.com.br\/index.php?rest_route=%2Fwp%2Fv2%2Fmedia&parent=4077"}],"wp:term":[{"taxonomy":"category","embeddable":true,"href":"https:\/\/vagas.portalemprego.com.br\/index.php?rest_route=%2Fwp%2Fv2%2Fcategories&post=4077"},{"taxonomy":"post_tag","embeddable":true,"href":"https:\/\/vagas.portalemprego.com.br\/index.php?rest_route=%2Fwp%2Fv2%2Ftags&post=4077"}],"curies":[{"name":"wp","href":"https:\/\/api.w.org\/{rel}","templated":true}]}}