{"id":4081,"date":"2026-04-29T06:20:20","date_gmt":"2026-04-29T09:20:20","guid":{"rendered":"https:\/\/vagas.portalemprego.com.br\/?p=4081"},"modified":"2026-04-29T06:20:20","modified_gmt":"2026-04-29T09:20:20","slug":"supervisor-de-frota-logistica-rio-de-janeiro-2","status":"publish","type":"post","link":"https:\/\/vagas.portalemprego.com.br\/?p=4081","title":{"rendered":"Supervisor de Frota &#8211; Log\u00edstica &#8211; Rio de Janeiro"},"content":{"rendered":"<p>Introdu\u00e7\u00e3o:\u00a0Estamos\u00a0buscando\u00a0um\u00a0Supervisor\u00a0de\u00a0Frota\u00a0para\u00a0se\u00a0juntar\u00a0\u00e0\u00a0nossa\u00a0equipe\u00a0na\u00a0Conlog.\u00a0Este\u00a0cargo\u00a0\u00e9\u00a0fundamental\u00a0para\u00a0garantir\u00a0a\u00a0efici\u00eancia\u00a0e\u00a0a\u00a0seguran\u00e7a\u00a0da\u00a0nossa\u00a0frota,\u00a0contribuindo\u00a0para\u00a0o\u00a0nosso\u00a0objetivo\u00a0de\u00a0oferecer\u00a0servi\u00e7os\u00a0de\u00a0transporte\u00a0de\u00a0alta\u00a0qualidade.<br \/>\nFun\u00e7\u00f5es:<br \/>\nGerenciar\u00a0e\u00a0coordenar\u00a0a\u00a0opera\u00e7\u00e3o\u00a0di\u00e1ria\u00a0da\u00a0frota<br \/>\nGarantir\u00a0a\u00a0conformidade\u00a0dos\u00a0recursos\u00a0operacionais\u00a0(condutores,\u00a0ve\u00edculos\u00a0e\u00a0equipamentos);<br \/>\nGarantir\u00a0a\u00a0disponibilidade,\u00a0manuten\u00e7\u00e3o\u00a0(preventiva\u00a0e\u00a0corretiva)\u00a0e\u00a0conserva\u00e7\u00e3o\u00a0dos\u00a0ve\u00edculos\/equipamentos\u00a0da\u00a0empresa;<br \/>\nMonitorar\u00a0indicadores\u00a0comportamentais\u00a0e\u00a0t\u00e9cnicos\u00a0de\u00a0manuten\u00e7\u00e3o\u00a0e\u00a0dirigibilidade\u00a0dos\u00a0ve\u00edculos\u00a0e\u00a0equipamentos;<br \/>\nExecutar\u00a0atividades\u00a0afins,\u00a0atendendo\u00a0solicita\u00e7\u00f5es\u00a0de\u00a0superiores\u00a0entre\u00a0outras\u00a0atividades.<br \/>\nRequisitos:<br \/>\nEnsino\u00a0Superior\u00a0completo;<br \/>\nExperi\u00eancia\u00a0em\u00a0gest\u00e3o\u00a0de\u00a0frotas;<br \/>\nExperi\u00eancia\u00a0s\u00f3lida\u00a0no\u00a0setor\u00a0de\u00a0frota\/log\u00edstica;<br \/>\nCapacidade\u00a0de\u00a0gerenciar\u00a0equipes\u00a0e\u00a0resolver\u00a0problemas;<br \/>\nBoa\u00a0comunica\u00e7\u00e3o\u00a0e\u00a0habilidades\u00a0de\u00a0colabora\u00e7\u00e3o.<br \/>\nBenef\u00edcios:<br \/>\nOferecemos\u00a0um\u00a0ambiente\u00a0de\u00a0trabalho\u00a0colaborativo<br \/>\nVoc\u00ea\u00a0ter\u00e1\u00a0acesso\u00a0a\u00a0treinamentos\u00a0cont\u00ednuos<br \/>\nAmbiente\u00a0de\u00a0trabalho\u00a0seguro\u00a0e\u00a0saud\u00e1vel<\/p>\n<p>Este\u00a0cargo\u00a0\u00e9\u00a0presencial\u00a0e\u00a0est\u00e1\u00a0localizado\u00a0em\u00a0nossa\u00a0sede.\u00a0Junte-se\u00a0\u00e0\u00a0Conlog\u00a0e\u00a0fa\u00e7a\u00a0parte\u00a0de\u00a0uma\u00a0equipe\u00a0dedicada\u00a0a\u00a0inovar\u00a0e\u00a0aprimorar\u00a0os\u00a0servi\u00e7os\u00a0de\u00a0transporte.<\/p>\n<ul>\n<li>Local de trabalho: Rio de Janeiro, RJ<\/li>\n<li>Regime de contrata\u00e7\u00e3o de tipo: Efetivo \u2013 CLT<\/li>\n<li>Jornada: Per\u00edodo Integral<\/li>\n<li>\u00c1rea e especializa\u00e7\u00e3o profissional: Log\u00edstica &#8211; Transporte<\/li>\n<li>N\u00edvel hier\u00e1rquico: Supervisor<\/li>\n<\/ul>\n<p>HABILIDADES<\/p>\n<ul>\n<li>Gest\u00e3o de Frota<\/li>\n<li>Boa comunica\u00e7\u00e3o<\/li>\n<li>Conhecimento em Excel<\/li>\n<li>Proatividade<\/li>\n<\/ul>\n<p>Escolaridade M\u00ednima: Ensino Superior<\/p>\n<p>Forma\u00e7\u00e3o desejada:<\/p>\n<ul>\n<li>Processos Gerenciais, Ensino Superior<\/li>\n<li>Log\u00edstica, Ensino Superior<\/li>\n<\/ul>\n<p>Habilita\u00e7\u00e3o para dirigir: B<\/p>\n<ul>\n<li>Vale alimenta\u00e7\u00e3o<\/li>\n<li>Plano de Sa\u00fade<\/li>\n<li>Plano Odontol\u00f3gico<\/li>\n<li>Cesta B\u00e1sica<\/li>\n<li>Conv\u00eanio com Sest Senat<\/li>\n<\/ul>\n","protected":false},"excerpt":{"rendered":"<p>Introdu\u00e7\u00e3o:\u00a0Estamos\u00a0buscando\u00a0um\u00a0Supervisor\u00a0de\u00a0Frota\u00a0para\u00a0se\u00a0juntar\u00a0\u00e0\u00a0nossa\u00a0equipe\u00a0na\u00a0Conlog.\u00a0Este\u00a0cargo\u00a0\u00e9\u00a0fundamental\u00a0para\u00a0garantir\u00a0a\u00a0efici\u00eancia\u00a0e\u00a0a\u00a0seguran\u00e7a\u00a0da\u00a0nossa\u00a0frota,\u00a0contribuindo\u00a0para\u00a0o\u00a0nosso\u00a0objetivo\u00a0de\u00a0oferecer\u00a0servi\u00e7os\u00a0de\u00a0transporte\u00a0de\u00a0alta\u00a0qualidade. Fun\u00e7\u00f5es: Gerenciar\u00a0e\u00a0coordenar\u00a0a\u00a0opera\u00e7\u00e3o\u00a0di\u00e1ria\u00a0da\u00a0frota Garantir\u00a0a\u00a0conformidade\u00a0dos\u00a0recursos\u00a0operacionais\u00a0(condutores,\u00a0ve\u00edculos\u00a0e\u00a0equipamentos); Garantir\u00a0a\u00a0disponibilidade,\u00a0manuten\u00e7\u00e3o\u00a0(preventiva\u00a0e\u00a0corretiva)\u00a0e\u00a0conserva\u00e7\u00e3o\u00a0dos\u00a0ve\u00edculos\/equipamentos\u00a0da\u00a0empresa; Monitorar\u00a0indicadores\u00a0comportamentais\u00a0e\u00a0t\u00e9cnicos\u00a0de\u00a0manuten\u00e7\u00e3o\u00a0e\u00a0dirigibilidade\u00a0dos\u00a0ve\u00edculos\u00a0e\u00a0equipamentos; Executar\u00a0atividades\u00a0afins,\u00a0atendendo\u00a0solicita\u00e7\u00f5es\u00a0de\u00a0superiores\u00a0entre\u00a0outras\u00a0atividades. Requisitos: Ensino\u00a0Superior\u00a0completo; Experi\u00eancia\u00a0em\u00a0gest\u00e3o\u00a0de\u00a0frotas; Experi\u00eancia\u00a0s\u00f3lida\u00a0no\u00a0setor\u00a0de\u00a0frota\/log\u00edstica; Capacidade\u00a0de\u00a0gerenciar\u00a0equipes\u00a0e\u00a0resolver\u00a0problemas; Boa\u00a0comunica\u00e7\u00e3o\u00a0e\u00a0habilidades\u00a0de\u00a0colabora\u00e7\u00e3o. Benef\u00edcios: Oferecemos\u00a0um\u00a0ambiente\u00a0de\u00a0trabalho\u00a0colaborativo Voc\u00ea\u00a0ter\u00e1\u00a0acesso\u00a0a\u00a0treinamentos\u00a0cont\u00ednuos Ambiente\u00a0de\u00a0trabalho\u00a0seguro\u00a0e\u00a0saud\u00e1vel Este\u00a0cargo\u00a0\u00e9\u00a0presencial\u00a0e\u00a0est\u00e1\u00a0localizado\u00a0em\u00a0nossa\u00a0sede.\u00a0Junte-se\u00a0\u00e0\u00a0Conlog\u00a0e\u00a0fa\u00e7a\u00a0parte\u00a0de\u00a0uma\u00a0equipe\u00a0dedicada\u00a0a\u00a0inovar\u00a0e\u00a0aprimorar\u00a0os\u00a0servi\u00e7os\u00a0de\u00a0transporte. Local de trabalho: Rio de Janeiro, RJ Regime de contrata\u00e7\u00e3o de tipo: Efetivo \u2013 CLT Jornada: Per\u00edodo Integral \u00c1rea e especializa\u00e7\u00e3o profissional: Log\u00edstica &#8211; Transporte N\u00edvel hier\u00e1rquico: Supervisor HABILIDADES Gest\u00e3o de Frota Boa comunica\u00e7\u00e3o Conhecimento em Excel [&hellip;]<\/p>\n","protected":false},"author":1,"featured_media":0,"comment_status":"open","ping_status":"open","sticky":false,"template":"","format":"standard","meta":{"footnotes":""},"categories":[21],"tags":[],"class_list":["post-4081","post","type-post","status-publish","format-standard","hentry","category-rio-de-janeiro-rj"],"_links":{"self":[{"href":"https:\/\/vagas.portalemprego.com.br\/index.php?rest_route=\/wp\/v2\/posts\/4081","targetHints":{"allow":["GET"]}}],"collection":[{"href":"https:\/\/vagas.portalemprego.com.br\/index.php?rest_route=\/wp\/v2\/posts"}],"about":[{"href":"https:\/\/vagas.portalemprego.com.br\/index.php?rest_route=\/wp\/v2\/types\/post"}],"author":[{"embeddable":true,"href":"https:\/\/vagas.portalemprego.com.br\/index.php?rest_route=\/wp\/v2\/users\/1"}],"replies":[{"embeddable":true,"href":"https:\/\/vagas.portalemprego.com.br\/index.php?rest_route=%2Fwp%2Fv2%2Fcomments&post=4081"}],"version-history":[{"count":0,"href":"https:\/\/vagas.portalemprego.com.br\/index.php?rest_route=\/wp\/v2\/posts\/4081\/revisions"}],"wp:attachment":[{"href":"https:\/\/vagas.portalemprego.com.br\/index.php?rest_route=%2Fwp%2Fv2%2Fmedia&parent=4081"}],"wp:term":[{"taxonomy":"category","embeddable":true,"href":"https:\/\/vagas.portalemprego.com.br\/index.php?rest_route=%2Fwp%2Fv2%2Fcategories&post=4081"},{"taxonomy":"post_tag","embeddable":true,"href":"https:\/\/vagas.portalemprego.com.br\/index.php?rest_route=%2Fwp%2Fv2%2Ftags&post=4081"}],"curies":[{"name":"wp","href":"https:\/\/api.w.org\/{rel}","templated":true}]}}