{"id":4082,"date":"2026-04-29T06:20:20","date_gmt":"2026-04-29T09:20:20","guid":{"rendered":"https:\/\/vagas.portalemprego.com.br\/?p=4082"},"modified":"2026-04-29T06:20:20","modified_gmt":"2026-04-29T09:20:20","slug":"especialista-senior-de-marketing-e-comunicacao-marketing-rio-de-janeiro","status":"publish","type":"post","link":"https:\/\/vagas.portalemprego.com.br\/?p=4082","title":{"rendered":"Especialista S\u00eanior de Marketing e Comunica\u00e7\u00e3o &#8211; Marketing &#8211; Rio de Janeiro"},"content":{"rendered":"<p>O Grupo Seres, em parceria com empresa nacional do segmento de defesa naval, seleciona profissional s\u00eanior para chefiar as \u00e1reas de Marketing e Comunica\u00e7\u00e3o, com atua\u00e7\u00e3o estrat\u00e9gica voltada ao fortalecimento institucional e comercial da empresa.<br \/>\nO cargo exige experi\u00eancia consolidada, vis\u00e3o integrada e capacidade de conduzir iniciativas de alto impacto no setor de Defesa e no ambiente militar.<br \/>\nAtividades:<br \/>\nRealizar an\u00e1lises de mercado e tend\u00eancias setoriais, apoiando decis\u00f5es estrat\u00e9gicas.<br \/>\nLiderar Marketing, Comunica\u00e7\u00e3o Corporativa e Comunica\u00e7\u00e3o Interna, assegurando alinhamento com diretrizes estrat\u00e9gicas e demandas comerciais.<br \/>\nEstruturar narrativas institucionais e iniciativas de gest\u00e3o de marca e reputa\u00e7\u00e3o.<br \/>\nCoordenar design gr\u00e1fico, produ\u00e7\u00e3o de imagens e desenvolvimento de conte\u00fados diversos.<br \/>\nPlanejar e executar a participa\u00e7\u00e3o da empresa em eventos e feiras de Defesa.<br \/>\nAdministrar m\u00eddias sociais com foco em fortalecimento de marca e gest\u00e3o de riscos.<br \/>\nGerenciar patroc\u00ednios, parcerias institucionais e ativa\u00e7\u00f5es de marca, garantindo governan\u00e7a e efici\u00eancia.<br \/>\nIntegrar ferramentas de IA para aprimorar processos, an\u00e1lises e resultados de comunica\u00e7\u00e3o.<br \/>\n\u00a0<br \/>\nHor\u00e1rio de trabalho:<br \/>\nHor\u00e1rio: 08h00 \u00e0s 17h00<br \/>\nEscala: 5&#215;2<br \/>\nModelo: Presencial<br \/>\n\u00a0<br \/>\nLocal de trabalho:<br \/>\nRio de Janeiro, RJ &#8211; BRASIL<\/p>\n<p>Requisitos Obrigat\u00f3rios:<br \/>\nForma\u00e7\u00e3o superior em Marketing, Comunica\u00e7\u00e3o, Administra\u00e7\u00e3o ou \u00e1reas correlatas;<br \/>\nExperi\u00eancia com marketing em segmentos de defesa, militar ou de alta complexidade t\u00e9cnica;<br \/>\nDom\u00ednio de pr\u00e1ticas modernas como marketing digital, redes sociais, estrat\u00e9gia de conte\u00fado, storytelling corporativo, an\u00e1lise de mercado e intelig\u00eancia comercial.<br \/>\nConhecimentos em CRM, automa\u00e7\u00e3o de marketing e ferramentas digitais.<br \/>\nFamiliaridade com solu\u00e7\u00f5es de intelig\u00eancia artificial aplicadas ao marketing e comunica\u00e7\u00e3o.<br \/>\n\u00a0<br \/>\nDesej\u00e1vel:<br \/>\nCursos em Comunica\u00e7\u00e3o Estrat\u00e9gica, Gest\u00e3o de Crises, Branding, Intelig\u00eancia Competitiva, Marketing Digital e IA<br \/>\nIngl\u00eas.<\/p>\n<p>\u00a0<br \/>\nIncentivamos\u00a0candidaturas\u00a0PCD,\u00a0popula\u00e7\u00e3o\u00a0negra,\u00a0mulheres,\u00a0LGBTQIAPN+.<\/p>\n<ul>\n<li>Local de trabalho: Rio de Janeiro, RJ<\/li>\n<li>Regime de contrata\u00e7\u00e3o de tipo: Outros<\/li>\n<li>Jornada: Per\u00edodo Integral<\/li>\n<li>\u00c1rea e especializa\u00e7\u00e3o profissional: Marketing &#8211; Marketing<\/li>\n<li>N\u00edvel hier\u00e1rquico: Especialista<\/li>\n<\/ul>\n<p>Escolaridade M\u00ednima: Ensino Superior<\/p>\n<p>Sal\u00e1rio: 13000,0<\/p>\n","protected":false},"excerpt":{"rendered":"<p>O Grupo Seres, em parceria com empresa nacional do segmento de defesa naval, seleciona profissional s\u00eanior para chefiar as \u00e1reas de Marketing e Comunica\u00e7\u00e3o, com atua\u00e7\u00e3o estrat\u00e9gica voltada ao fortalecimento institucional e comercial da empresa. O cargo exige experi\u00eancia consolidada, vis\u00e3o integrada e capacidade de conduzir iniciativas de alto impacto no setor de Defesa e [&hellip;]<\/p>\n","protected":false},"author":1,"featured_media":0,"comment_status":"open","ping_status":"open","sticky":false,"template":"","format":"standard","meta":{"footnotes":""},"categories":[21],"tags":[],"class_list":["post-4082","post","type-post","status-publish","format-standard","hentry","category-rio-de-janeiro-rj"],"_links":{"self":[{"href":"https:\/\/vagas.portalemprego.com.br\/index.php?rest_route=\/wp\/v2\/posts\/4082","targetHints":{"allow":["GET"]}}],"collection":[{"href":"https:\/\/vagas.portalemprego.com.br\/index.php?rest_route=\/wp\/v2\/posts"}],"about":[{"href":"https:\/\/vagas.portalemprego.com.br\/index.php?rest_route=\/wp\/v2\/types\/post"}],"author":[{"embeddable":true,"href":"https:\/\/vagas.portalemprego.com.br\/index.php?rest_route=\/wp\/v2\/users\/1"}],"replies":[{"embeddable":true,"href":"https:\/\/vagas.portalemprego.com.br\/index.php?rest_route=%2Fwp%2Fv2%2Fcomments&post=4082"}],"version-history":[{"count":0,"href":"https:\/\/vagas.portalemprego.com.br\/index.php?rest_route=\/wp\/v2\/posts\/4082\/revisions"}],"wp:attachment":[{"href":"https:\/\/vagas.portalemprego.com.br\/index.php?rest_route=%2Fwp%2Fv2%2Fmedia&parent=4082"}],"wp:term":[{"taxonomy":"category","embeddable":true,"href":"https:\/\/vagas.portalemprego.com.br\/index.php?rest_route=%2Fwp%2Fv2%2Fcategories&post=4082"},{"taxonomy":"post_tag","embeddable":true,"href":"https:\/\/vagas.portalemprego.com.br\/index.php?rest_route=%2Fwp%2Fv2%2Ftags&post=4082"}],"curies":[{"name":"wp","href":"https:\/\/api.w.org\/{rel}","templated":true}]}}