{"id":4091,"date":"2026-04-29T06:20:20","date_gmt":"2026-04-29T09:20:20","guid":{"rendered":"https:\/\/vagas.portalemprego.com.br\/?p=4091"},"modified":"2026-04-29T06:20:20","modified_gmt":"2026-04-29T09:20:20","slug":"estagiario-comercial-e-administrativo-comercial-vendas-nova-friburgo","status":"publish","type":"post","link":"https:\/\/vagas.portalemprego.com.br\/?p=4091","title":{"rendered":"Estagi\u00e1rio Comercial e administrativo &#8211; Comercial, Vendas &#8211; Nova Friburgo"},"content":{"rendered":"<p>Estagi\u00e1rio(a) Comercial<br \/>\n N\u00famero de vagas: 1<br \/>\n Tipo de contrata\u00e7\u00e3o: Est\u00e1gio<br \/>\n Local: Nova Friburgo \u2013 RJ<br \/>\nSobre a oportunidade<br \/>\nBuscamos um(a) estagi\u00e1rio(a) para atuar na \u00e1rea comercial, apoiando os processos de vendas e an\u00e1lise de carteira de clientes da empresa<br \/>\nSer\u00e1 uma oportunidade de aprendizado pr\u00e1tico em organiza\u00e7\u00e3o comercial, relacionamento com clientes e an\u00e1lise de dados.<br \/>\nPrincipais atividades<br \/>\nApoiar na condu\u00e7\u00e3o dos processos de venda;<br \/>\nRealizar contato com clientes ativos e inativos;<br \/>\nAtualizar e organizar carteira de clientes;<br \/>\nApoiar na an\u00e1lise de oportunidades comerciais;<br \/>\nAtendimento telef\u00f4nico e via WhatsApp;<br \/>\nAtualiza\u00e7\u00e3o de informa\u00e7\u00f5es em sistema\/CRM;<br \/>\nApoio administrativo \u00e0 \u00e1rea comercial.<br \/>\nRequisitos<br \/>\nEstar cursando Ensino Superior em:<br \/>\nAdministra\u00e7\u00e3o<br \/>\nGest\u00e3o Comercial<br \/>\nBoa comunica\u00e7\u00e3o verbal e escrita;<br \/>\nOrganiza\u00e7\u00e3o e proatividade;<br \/>\nFacilidade com ferramentas digitais e WhatsApp Business.<br \/>\nBolsa e benef\u00edcios<br \/>\nBolsa est\u00e1gio a combinar<br \/>\nVale-transporte<br \/>\nHor\u00e1rio<br \/>\nSegunda a sexta<br \/>\n6 horas di\u00e1rias<\/p>\n<ul>\n<li>Local de trabalho: Nova Friburgo, RJ<\/li>\n<li>Regime de contrata\u00e7\u00e3o de tipo: Est\u00e1gio<\/li>\n<li>Jornada: Parcial manh\u00e3s<\/li>\n<li>\u00c1rea e especializa\u00e7\u00e3o profissional: Comercial, Vendas &#8211; Venda Interna<\/li>\n<li>N\u00edvel hier\u00e1rquico: Estagi\u00e1rio<\/li>\n<\/ul>\n<p>Escolaridade M\u00ednima: Ensino Superior<\/p>\n","protected":false},"excerpt":{"rendered":"<p>Estagi\u00e1rio(a) Comercial N\u00famero de vagas: 1 Tipo de contrata\u00e7\u00e3o: Est\u00e1gio Local: Nova Friburgo \u2013 RJ Sobre a oportunidade Buscamos um(a) estagi\u00e1rio(a) para atuar na \u00e1rea comercial, apoiando os processos de vendas e an\u00e1lise de carteira de clientes da empresa Ser\u00e1 uma oportunidade de aprendizado pr\u00e1tico em organiza\u00e7\u00e3o comercial, relacionamento com clientes e an\u00e1lise de dados. [&hellip;]<\/p>\n","protected":false},"author":1,"featured_media":0,"comment_status":"open","ping_status":"open","sticky":false,"template":"","format":"standard","meta":{"footnotes":""},"categories":[21],"tags":[],"class_list":["post-4091","post","type-post","status-publish","format-standard","hentry","category-rio-de-janeiro-rj"],"_links":{"self":[{"href":"https:\/\/vagas.portalemprego.com.br\/index.php?rest_route=\/wp\/v2\/posts\/4091","targetHints":{"allow":["GET"]}}],"collection":[{"href":"https:\/\/vagas.portalemprego.com.br\/index.php?rest_route=\/wp\/v2\/posts"}],"about":[{"href":"https:\/\/vagas.portalemprego.com.br\/index.php?rest_route=\/wp\/v2\/types\/post"}],"author":[{"embeddable":true,"href":"https:\/\/vagas.portalemprego.com.br\/index.php?rest_route=\/wp\/v2\/users\/1"}],"replies":[{"embeddable":true,"href":"https:\/\/vagas.portalemprego.com.br\/index.php?rest_route=%2Fwp%2Fv2%2Fcomments&post=4091"}],"version-history":[{"count":0,"href":"https:\/\/vagas.portalemprego.com.br\/index.php?rest_route=\/wp\/v2\/posts\/4091\/revisions"}],"wp:attachment":[{"href":"https:\/\/vagas.portalemprego.com.br\/index.php?rest_route=%2Fwp%2Fv2%2Fmedia&parent=4091"}],"wp:term":[{"taxonomy":"category","embeddable":true,"href":"https:\/\/vagas.portalemprego.com.br\/index.php?rest_route=%2Fwp%2Fv2%2Fcategories&post=4091"},{"taxonomy":"post_tag","embeddable":true,"href":"https:\/\/vagas.portalemprego.com.br\/index.php?rest_route=%2Fwp%2Fv2%2Ftags&post=4091"}],"curies":[{"name":"wp","href":"https:\/\/api.w.org\/{rel}","templated":true}]}}