{"id":4092,"date":"2026-04-29T06:20:20","date_gmt":"2026-04-29T09:20:20","guid":{"rendered":"https:\/\/vagas.portalemprego.com.br\/?p=4092"},"modified":"2026-04-29T06:20:20","modified_gmt":"2026-04-29T09:20:20","slug":"promotor-de-vendas-mrv-comercial-vendas-rio-de-janeiro-3","status":"publish","type":"post","link":"https:\/\/vagas.portalemprego.com.br\/?p=4092","title":{"rendered":"Promotor de Vendas MRV &#8211; Comercial, Vendas &#8211; Rio de Janeiro"},"content":{"rendered":"<p>Promotor de Vendas \/ Corretor de Im\u00f3veis \u2013 MRV<br \/>\n ?? Modelo presencial | ?? Contrato PJ | ?? Per\u00edodo integral | ?? vagas abertas<br \/>\nA MRV, maior construtora da Am\u00e9rica Latina, est\u00e1 expandindo seu time comercial e busca pessoas com perfil comunicativo, ambicioso e com interesse em construir uma carreira s\u00f3lida na \u00e1rea de vendas imobili\u00e1rias.<br \/>\nEsta \u00e9 uma excelente oportunidade para quem deseja atuar como Promotor de Vendas \/ Corretor de Im\u00f3veis e alcan\u00e7ar ganhos expressivos atrav\u00e9s de comiss\u00f5es atrativas e um plano estruturado de desenvolvimento.<br \/>\n?? Potencial de ganhos: de R$ 5.000,00 a R$ 10.000,00 por m\u00eas<br \/>\n (ganhos 100% baseados em performance e comiss\u00f5es)<br \/>\nO que a MRV oferece:<br \/>\n\u2022 Treinamento completo pela Escola de Vendas MRV<br \/>\n \u2022 Suporte e mentoria com profissionais experientes<br \/>\n \u2022 Leads qualificados e estrutura completa de vendas<br \/>\n \u2022 Plano de crescimento profissional estruturado<br \/>\n \u2022 Alto potencial de ganhos e crescimento financeiro<br \/>\n \u2022 Oportunidade em uma empresa s\u00f3lida e refer\u00eancia no mercado<br \/>\nPrincipais atividades:<br \/>\n\u2022 Atendimento e relacionamento com clientes<br \/>\n \u2022 Apresenta\u00e7\u00e3o e venda de im\u00f3veis MRV<br \/>\n \u2022 Participa\u00e7\u00e3o em treinamentos e a\u00e7\u00f5es comerciais<br \/>\n \u2022 Acompanhamento do cliente durante todo o processo de compra<br \/>\nPerfil desejado:<br \/>\n\u2022 Ensino m\u00e9dio completo<br \/>\n \u2022 Boa comunica\u00e7\u00e3o e proatividade<br \/>\n \u2022 Interesse na \u00e1rea comercial e em vendas<br \/>\n \u2022 Perfil focado em resultados<br \/>\n \u2022 Disponibilidade para atua\u00e7\u00e3o presencial e dedica\u00e7\u00e3o integral<br \/>\nN\u00e3o \u00e9 necess\u00e1rio ter experi\u00eancia. Oferecemos treinamento completo e suporte desde o in\u00edcio.<br \/>\nSe voc\u00ea busca crescimento profissional, desenvolvimento na \u00e1rea comercial e ganhos acima da m\u00e9dia, essa oportunidade \u00e9 para voc\u00ea.<\/p>\n<ul>\n<li>N\u00famero de vagas: 15<\/li>\n<li>Local de trabalho: Rio de Janeiro, RJ<\/li>\n<li>Regime de contrata\u00e7\u00e3o de tipo: Prestador de Servi\u00e7os (PJ)<\/li>\n<li>Jornada: Per\u00edodo Integral<\/li>\n<li>\u00c1rea e especializa\u00e7\u00e3o profissional: Comercial, Vendas &#8211; Corretagem<\/li>\n<li>N\u00edvel hier\u00e1rquico: Consultor<\/li>\n<\/ul>\n<p>VALORIZADO<\/p>\n<p>Tempo de experi\u00eancia: Entre 1 e 3 anos<\/p>\n<p>Escolaridade M\u00ednima: Ensino M\u00e9dio (2\u00ba Grau)<\/p>\n<p>Sal\u00e1rio: 10000,0<\/p>\n","protected":false},"excerpt":{"rendered":"<p>Promotor de Vendas \/ Corretor de Im\u00f3veis \u2013 MRV ?? Modelo presencial | ?? Contrato PJ | ?? Per\u00edodo integral | ?? vagas abertas A MRV, maior construtora da Am\u00e9rica Latina, est\u00e1 expandindo seu time comercial e busca pessoas com perfil comunicativo, ambicioso e com interesse em construir uma carreira s\u00f3lida na \u00e1rea de vendas [&hellip;]<\/p>\n","protected":false},"author":1,"featured_media":0,"comment_status":"open","ping_status":"open","sticky":false,"template":"","format":"standard","meta":{"footnotes":""},"categories":[21],"tags":[],"class_list":["post-4092","post","type-post","status-publish","format-standard","hentry","category-rio-de-janeiro-rj"],"_links":{"self":[{"href":"https:\/\/vagas.portalemprego.com.br\/index.php?rest_route=\/wp\/v2\/posts\/4092","targetHints":{"allow":["GET"]}}],"collection":[{"href":"https:\/\/vagas.portalemprego.com.br\/index.php?rest_route=\/wp\/v2\/posts"}],"about":[{"href":"https:\/\/vagas.portalemprego.com.br\/index.php?rest_route=\/wp\/v2\/types\/post"}],"author":[{"embeddable":true,"href":"https:\/\/vagas.portalemprego.com.br\/index.php?rest_route=\/wp\/v2\/users\/1"}],"replies":[{"embeddable":true,"href":"https:\/\/vagas.portalemprego.com.br\/index.php?rest_route=%2Fwp%2Fv2%2Fcomments&post=4092"}],"version-history":[{"count":0,"href":"https:\/\/vagas.portalemprego.com.br\/index.php?rest_route=\/wp\/v2\/posts\/4092\/revisions"}],"wp:attachment":[{"href":"https:\/\/vagas.portalemprego.com.br\/index.php?rest_route=%2Fwp%2Fv2%2Fmedia&parent=4092"}],"wp:term":[{"taxonomy":"category","embeddable":true,"href":"https:\/\/vagas.portalemprego.com.br\/index.php?rest_route=%2Fwp%2Fv2%2Fcategories&post=4092"},{"taxonomy":"post_tag","embeddable":true,"href":"https:\/\/vagas.portalemprego.com.br\/index.php?rest_route=%2Fwp%2Fv2%2Ftags&post=4092"}],"curies":[{"name":"wp","href":"https:\/\/api.w.org\/{rel}","templated":true}]}}