{"id":4095,"date":"2026-04-29T06:20:20","date_gmt":"2026-04-29T09:20:20","guid":{"rendered":"https:\/\/vagas.portalemprego.com.br\/?p=4095"},"modified":"2026-04-29T06:20:20","modified_gmt":"2026-04-29T09:20:20","slug":"assistente-de-logistica-exclusiva-para-pessoas-com-deficiencia-pcd-logistica-macae","status":"publish","type":"post","link":"https:\/\/vagas.portalemprego.com.br\/?p=4095","title":{"rendered":"Assistente de Log\u00edstica &#8211; (Exclusiva para Pessoas com Defici\u00eancia) (PCD) &#8211; Log\u00edstica &#8211; Maca\u00e9"},"content":{"rendered":"<p>Cargo: Assistente Administrativo JR (Log\u00edstica- (Exclusiva para Pessoas com Defici\u00eancia)<\/p>\n<p>Localidade : Rio de Janeiro\u00a0 &#8211; RJ.<\/p>\n<p>Requisitos:<br \/>\nExperi\u00eancia pr\u00e9via em opera\u00e7\u00f5es log\u00edsticas de controle de estoque ou almoxarifado.<br \/>\nExperi\u00eancia em armazenagem de material, separa\u00e7\u00e3o, distribui\u00e7\u00e3o e demais a\u00e7\u00f5es.<br \/>\nConhecimento em sistemas de gest\u00e3o de materiais e planilhas eletr\u00f4nicas (Excel).<br \/>\nExperi\u00eancia com cadastro de materiais e produtos em sistema.<br \/>\nEnsino M\u00e9dio Completo ou Curso T\u00e9cnico Completo. <\/p>\n<p>Informa\u00e7\u00f5es da vaga:<br \/>\nVale-transporte<br \/>\nVale Alimenta\u00e7\u00e3o\/Refei\u00e7\u00e3o<br \/>\nPlano de sa\u00fade<br \/>\nPlano odontol\u00f3gico<br \/>\nE diversos outros benef\u00edcios.<\/p>\n<p>Hor\u00e1rio de Trabalho:<br \/>\nEscala 5&#215;2 \u2013 07:30 \u00e0s 17:00.<\/p>\n<ul>\n<li>Local de trabalho: Maca\u00e9, RJ<\/li>\n<li>Regime de contrata\u00e7\u00e3o de tipo: Efetivo \u2013 CLT<\/li>\n<li>Jornada: Per\u00edodo Integral<\/li>\n<li>\u00c1rea e especializa\u00e7\u00e3o profissional: Log\u00edstica &#8211; Log\u00edstica<\/li>\n<li>N\u00edvel hier\u00e1rquico: Auxiliar<\/li>\n<\/ul>\n<p>VALORIZADO<\/p>\n<p>Tempo de experi\u00eancia: Entre 1 e 3 anos<\/p>\n<p>HABILIDADES<\/p>\n<ul>\n<li>Gest\u00e3o de estoque, Opera\u00e7\u00e3o de sistemas WMS\/ERP, Emiss\u00e3o e confer\u00eancia de notas fiscais,recebimento, armazenagem, expedi\u00e7\u00e3o, transporte e excel b\u00e1sico \u00e0 avan\u00e7ado<\/li>\n<\/ul>\n<p>Escolaridade M\u00ednima: Curso T\u00e9cnico<\/p>\n","protected":false},"excerpt":{"rendered":"<p>Cargo: Assistente Administrativo JR (Log\u00edstica- (Exclusiva para Pessoas com Defici\u00eancia) Localidade : Rio de Janeiro\u00a0 &#8211; RJ. Requisitos: Experi\u00eancia pr\u00e9via em opera\u00e7\u00f5es log\u00edsticas de controle de estoque ou almoxarifado. Experi\u00eancia em armazenagem de material, separa\u00e7\u00e3o, distribui\u00e7\u00e3o e demais a\u00e7\u00f5es. Conhecimento em sistemas de gest\u00e3o de materiais e planilhas eletr\u00f4nicas (Excel). Experi\u00eancia com cadastro de materiais [&hellip;]<\/p>\n","protected":false},"author":1,"featured_media":0,"comment_status":"open","ping_status":"open","sticky":false,"template":"","format":"standard","meta":{"footnotes":""},"categories":[21],"tags":[],"class_list":["post-4095","post","type-post","status-publish","format-standard","hentry","category-rio-de-janeiro-rj"],"_links":{"self":[{"href":"https:\/\/vagas.portalemprego.com.br\/index.php?rest_route=\/wp\/v2\/posts\/4095","targetHints":{"allow":["GET"]}}],"collection":[{"href":"https:\/\/vagas.portalemprego.com.br\/index.php?rest_route=\/wp\/v2\/posts"}],"about":[{"href":"https:\/\/vagas.portalemprego.com.br\/index.php?rest_route=\/wp\/v2\/types\/post"}],"author":[{"embeddable":true,"href":"https:\/\/vagas.portalemprego.com.br\/index.php?rest_route=\/wp\/v2\/users\/1"}],"replies":[{"embeddable":true,"href":"https:\/\/vagas.portalemprego.com.br\/index.php?rest_route=%2Fwp%2Fv2%2Fcomments&post=4095"}],"version-history":[{"count":0,"href":"https:\/\/vagas.portalemprego.com.br\/index.php?rest_route=\/wp\/v2\/posts\/4095\/revisions"}],"wp:attachment":[{"href":"https:\/\/vagas.portalemprego.com.br\/index.php?rest_route=%2Fwp%2Fv2%2Fmedia&parent=4095"}],"wp:term":[{"taxonomy":"category","embeddable":true,"href":"https:\/\/vagas.portalemprego.com.br\/index.php?rest_route=%2Fwp%2Fv2%2Fcategories&post=4095"},{"taxonomy":"post_tag","embeddable":true,"href":"https:\/\/vagas.portalemprego.com.br\/index.php?rest_route=%2Fwp%2Fv2%2Ftags&post=4095"}],"curies":[{"name":"wp","href":"https:\/\/api.w.org\/{rel}","templated":true}]}}