{"id":4098,"date":"2026-04-29T06:20:20","date_gmt":"2026-04-29T09:20:20","guid":{"rendered":"https:\/\/vagas.portalemprego.com.br\/?p=4098"},"modified":"2026-04-29T06:20:20","modified_gmt":"2026-04-29T09:20:20","slug":"analista-sensorial-pleno-setor-quimico-industrial-producao-fabrica-rio-de-janeiro","status":"publish","type":"post","link":"https:\/\/vagas.portalemprego.com.br\/?p=4098","title":{"rendered":"Analista Sensorial Pleno (Setor Qu\u00edmico) &#8211; Industrial, Produ\u00e7\u00e3o, F\u00e1brica &#8211; Rio de Janeiro"},"content":{"rendered":"<p>Realizar as an\u00e1lises sensoriais de aspecto, odor e sabor de mat\u00e9ria-prima e produto acabado de acordo com as especifica\u00e7\u00f5es, comparando com os respectivos padr\u00f5es aprovados;<br \/>\nPreparar as aplica\u00e7\u00f5es necess\u00e1rias para a realiza\u00e7\u00e3o das avalia\u00e7\u00f5es sensoriais;<br \/>\nRealizar os registros relacionados \u00e0s suas atividades; ??Elaborar e revisar sempre que necess\u00e1rio os m\u00e9todos de laborat\u00f3rio que descrevem os procedimentos de avalia\u00e7\u00e3o sensorial;<br \/>\nManter os estoques de amostras de reten\u00e7\u00f5es organizados conforme procedimentos internos;<br \/>\nRealizar as investiga\u00e7\u00f5es de n\u00e3o-conformidades relacionadas \u00e0s caracter\u00edsticas sensoriais da mat\u00e9ria-prima e do produto acabado;<br \/>\nRealizar painel de avalia\u00e7\u00e3o sensorial sempre que houver necessidade de an\u00e1lise de n\u00e3o-conformidade ou de confirma\u00e7\u00e3o de resultados;<br \/>\nRealizar suas atividades de forma que n\u00e3o haja risco para seguran\u00e7a de alimentos;<br \/>\nValida\u00e7\u00e3o da aprova\u00e7\u00e3o\/reprova\u00e7\u00e3o dos materiais analisados pelo controle de qualidade;<br \/>\nRealizar suas atividades conforme requisitos do Sistema de Gest\u00e3o;<br \/>\nRealizar as demais atividades do cargo de acordo com a solicita\u00e7\u00e3o do superior imediato.<br \/>\nUtilizar corretamente os equipamentos de prote\u00e7\u00e3o individual (EPI&#8217;s) exigidos.<br \/>\nLocal: Jacarepagu\u00e1<br \/>\nEscala de Hor\u00e1rio: De segunda \u00e0 sexta, de 13h \u00e0s 22h.<\/p>\n<ul>\n<li>Local de trabalho: Rio de Janeiro, RJ<\/li>\n<li>Regime de contrata\u00e7\u00e3o de tipo: Efetivo \u2013 CLT<\/li>\n<li>Jornada: Per\u00edodo Integral<\/li>\n<li>\u00c1rea e especializa\u00e7\u00e3o profissional: Industrial, Produ\u00e7\u00e3o, F\u00e1brica &#8211; Usinagem<\/li>\n<li>N\u00edvel hier\u00e1rquico: Analista<\/li>\n<\/ul>\n<p>HABILIDADES<\/p>\n<ul>\n<li>Gest\u00e3o da Qualidade ISO9001 e Gest\u00e3o da  Seguran\u00e7a de alimentos FSSC 22000;<\/li>\n<li>Experi\u00eancia em an\u00e1lises sensoriais de mat\u00e9ria  prima e produto acabado<\/li>\n<li>Desej\u00e1vel expertise em aromas<\/li>\n<li>F\u00e1cil acesso a Jacarepagu\u00e1<\/li>\n<li>Ingl\u00eas intermedi\u00e1rio<\/li>\n<li>Ensino superior em Qu\u00edmica ou Engenharia Qu\u00edmica<\/li>\n<\/ul>\n<p>Escolaridade M\u00ednima: Ensino Superior<\/p>\n<p>Forma\u00e7\u00e3o desejada:<\/p>\n<ul>\n<li>Engenharia qu\u00edmica, Ensino Superior<\/li>\n<li>Qu\u00edmica, Ensino Superior<\/li>\n<\/ul>\n<p>Idiomas:<\/p>\n<ul>\n<li>Ingl\u00eas (Intermedi\u00e1rio)<\/li>\n<\/ul>\n<ul>\n<li>Conv\u00eanio M\u00e9dico<\/li>\n<li>VT<\/li>\n<li>Seguro de Vida<\/li>\n<li>Conv\u00eanio Odontol\u00f3gico<\/li>\n<li>Conv\u00eanio Academia<\/li>\n<li>Participa\u00e7\u00e3o nos Lucros<\/li>\n<li>VR<\/li>\n<\/ul>\n","protected":false},"excerpt":{"rendered":"<p>Realizar as an\u00e1lises sensoriais de aspecto, odor e sabor de mat\u00e9ria-prima e produto acabado de acordo com as especifica\u00e7\u00f5es, comparando com os respectivos padr\u00f5es aprovados; Preparar as aplica\u00e7\u00f5es necess\u00e1rias para a realiza\u00e7\u00e3o das avalia\u00e7\u00f5es sensoriais; Realizar os registros relacionados \u00e0s suas atividades; ??Elaborar e revisar sempre que necess\u00e1rio os m\u00e9todos de laborat\u00f3rio que descrevem os [&hellip;]<\/p>\n","protected":false},"author":1,"featured_media":0,"comment_status":"open","ping_status":"open","sticky":false,"template":"","format":"standard","meta":{"footnotes":""},"categories":[21],"tags":[],"class_list":["post-4098","post","type-post","status-publish","format-standard","hentry","category-rio-de-janeiro-rj"],"_links":{"self":[{"href":"https:\/\/vagas.portalemprego.com.br\/index.php?rest_route=\/wp\/v2\/posts\/4098","targetHints":{"allow":["GET"]}}],"collection":[{"href":"https:\/\/vagas.portalemprego.com.br\/index.php?rest_route=\/wp\/v2\/posts"}],"about":[{"href":"https:\/\/vagas.portalemprego.com.br\/index.php?rest_route=\/wp\/v2\/types\/post"}],"author":[{"embeddable":true,"href":"https:\/\/vagas.portalemprego.com.br\/index.php?rest_route=\/wp\/v2\/users\/1"}],"replies":[{"embeddable":true,"href":"https:\/\/vagas.portalemprego.com.br\/index.php?rest_route=%2Fwp%2Fv2%2Fcomments&post=4098"}],"version-history":[{"count":0,"href":"https:\/\/vagas.portalemprego.com.br\/index.php?rest_route=\/wp\/v2\/posts\/4098\/revisions"}],"wp:attachment":[{"href":"https:\/\/vagas.portalemprego.com.br\/index.php?rest_route=%2Fwp%2Fv2%2Fmedia&parent=4098"}],"wp:term":[{"taxonomy":"category","embeddable":true,"href":"https:\/\/vagas.portalemprego.com.br\/index.php?rest_route=%2Fwp%2Fv2%2Fcategories&post=4098"},{"taxonomy":"post_tag","embeddable":true,"href":"https:\/\/vagas.portalemprego.com.br\/index.php?rest_route=%2Fwp%2Fv2%2Ftags&post=4098"}],"curies":[{"name":"wp","href":"https:\/\/api.w.org\/{rel}","templated":true}]}}