{"id":4107,"date":"2026-04-29T06:21:21","date_gmt":"2026-04-29T09:21:21","guid":{"rendered":"https:\/\/vagas.portalemprego.com.br\/?p=4107"},"modified":"2026-04-29T06:21:21","modified_gmt":"2026-04-29T09:21:21","slug":"gerente-de-loja-comercial-vendas-rio-de-janeiro-5","status":"publish","type":"post","link":"https:\/\/vagas.portalemprego.com.br\/?p=4107","title":{"rendered":"Gerente de Loja &#8211; Comercial, Vendas &#8211; Rio de Janeiro"},"content":{"rendered":"<p>Oportunidade: Estamos em busca de um Gerente de Loja para se juntar ao nosso time. O cargo exige lideran\u00e7a e gest\u00e3o de equipes, com foco em melhorar a experi\u00eancia do cliente e o desempenho da loja.<br \/>\nFun\u00e7\u00f5es:<br \/>\nGerenciar o dia a dia da loja<br \/>\nCoordenar as atividades da equipe<br \/>\nAcompanhar as vendas e o estoque<br \/>\nPromover a satisfa\u00e7\u00e3o do cliente<\/p>\n<p>Requisitos:<br \/>\nExperi\u00eancia em gest\u00e3o de equipes<br \/>\nConhecimento em vendas e atendimento ao cliente<br \/>\nCapacidade de analisar e tomar decis\u00f5es<\/p>\n<p>Benef\u00edcios:<br \/>\nOferecemos um sal\u00e1rio competitivo<br \/>\nVoc\u00ea ter\u00e1 acesso a programas de desenvolvimento profissional<br \/>\nAmbiente de trabalho colaborativo e din\u00e2mico<\/p>\n<p>Esta oportunidade \u00e9 presencial e buscamos algu\u00e9m comprometido com o crescimento da empresa e com a excel\u00eancia no atendimento ao cliente.<\/p>\n<ul>\n<li>Local de trabalho: Rio de Janeiro, RJ<\/li>\n<li>Regime de contrata\u00e7\u00e3o de tipo: Efetivo \u2013 CLT<\/li>\n<li>Jornada: Per\u00edodo Integral<\/li>\n<li>\u00c1rea e especializa\u00e7\u00e3o profissional: Comercial, Vendas &#8211; Lojas \/ Shopping<\/li>\n<li>N\u00edvel hier\u00e1rquico: Gerente<\/li>\n<\/ul>\n<p>Escolaridade M\u00ednima: Ensino Superior<\/p>\n<p>Sal\u00e1rio: 5000,0<\/p>\n","protected":false},"excerpt":{"rendered":"<p>Oportunidade: Estamos em busca de um Gerente de Loja para se juntar ao nosso time. O cargo exige lideran\u00e7a e gest\u00e3o de equipes, com foco em melhorar a experi\u00eancia do cliente e o desempenho da loja. Fun\u00e7\u00f5es: Gerenciar o dia a dia da loja Coordenar as atividades da equipe Acompanhar as vendas e o estoque [&hellip;]<\/p>\n","protected":false},"author":1,"featured_media":0,"comment_status":"open","ping_status":"open","sticky":false,"template":"","format":"standard","meta":{"footnotes":""},"categories":[21],"tags":[],"class_list":["post-4107","post","type-post","status-publish","format-standard","hentry","category-rio-de-janeiro-rj"],"_links":{"self":[{"href":"https:\/\/vagas.portalemprego.com.br\/index.php?rest_route=\/wp\/v2\/posts\/4107","targetHints":{"allow":["GET"]}}],"collection":[{"href":"https:\/\/vagas.portalemprego.com.br\/index.php?rest_route=\/wp\/v2\/posts"}],"about":[{"href":"https:\/\/vagas.portalemprego.com.br\/index.php?rest_route=\/wp\/v2\/types\/post"}],"author":[{"embeddable":true,"href":"https:\/\/vagas.portalemprego.com.br\/index.php?rest_route=\/wp\/v2\/users\/1"}],"replies":[{"embeddable":true,"href":"https:\/\/vagas.portalemprego.com.br\/index.php?rest_route=%2Fwp%2Fv2%2Fcomments&post=4107"}],"version-history":[{"count":0,"href":"https:\/\/vagas.portalemprego.com.br\/index.php?rest_route=\/wp\/v2\/posts\/4107\/revisions"}],"wp:attachment":[{"href":"https:\/\/vagas.portalemprego.com.br\/index.php?rest_route=%2Fwp%2Fv2%2Fmedia&parent=4107"}],"wp:term":[{"taxonomy":"category","embeddable":true,"href":"https:\/\/vagas.portalemprego.com.br\/index.php?rest_route=%2Fwp%2Fv2%2Fcategories&post=4107"},{"taxonomy":"post_tag","embeddable":true,"href":"https:\/\/vagas.portalemprego.com.br\/index.php?rest_route=%2Fwp%2Fv2%2Ftags&post=4107"}],"curies":[{"name":"wp","href":"https:\/\/api.w.org\/{rel}","templated":true}]}}