{"id":4110,"date":"2026-04-29T06:21:21","date_gmt":"2026-04-29T09:21:21","guid":{"rendered":"https:\/\/vagas.portalemprego.com.br\/?p=4110"},"modified":"2026-04-29T06:21:21","modified_gmt":"2026-04-29T09:21:21","slug":"marinheiro-auxiliar-de-conves-industrial-producao-fabrica-niteroi","status":"publish","type":"post","link":"https:\/\/vagas.portalemprego.com.br\/?p=4110","title":{"rendered":"Marinheiro Auxiliar de Conv\u00e9s &#8211; Industrial, Produ\u00e7\u00e3o, F\u00e1brica &#8211; Niter\u00f3i"},"content":{"rendered":"<p>Exerce atividades nas depend\u00eancias de Unidades Operacionais (UO), incluindo Portos e Terminais Aquavi\u00e1rios, regi\u00e3o Rio de Janeiro (Niter\u00f3i), operando equipamentos de conten\u00e7\u00e3o no atendimento de emerg\u00eancia no combate ao derrame de \u00f3leo no meio ambiente; realiza inspe\u00e7\u00f5es nas \u00e1reas mar\u00edtima e terrestre de instala\u00e7\u00f5es industriais de terminais de armazenamento e\/ou distribui\u00e7\u00e3o de petr\u00f3leo e derivados.<\/p>\n<ul>\n<li>Local de trabalho: Niter\u00f3i, RJ<\/li>\n<li>Regime de contrata\u00e7\u00e3o de tipo: Efetivo \u2013 CLT<\/li>\n<li>Jornada: Per\u00edodo Integral<\/li>\n<li>\u00c1rea e especializa\u00e7\u00e3o profissional: Industrial, Produ\u00e7\u00e3o, F\u00e1brica &#8211; Instrumenta\u00e7\u00e3o Industrial<\/li>\n<li>N\u00edvel hier\u00e1rquico: Operacional<\/li>\n<\/ul>\n<p>HABILIDADES<\/p>\n<ul>\n<li>CIR-Marinheiro de conv\u00e9s<\/li>\n<\/ul>\n<p>Escolaridade M\u00ednima: Ensino M\u00e9dio (2\u00ba Grau)<\/p>\n","protected":false},"excerpt":{"rendered":"<p>Exerce atividades nas depend\u00eancias de Unidades Operacionais (UO), incluindo Portos e Terminais Aquavi\u00e1rios, regi\u00e3o Rio de Janeiro (Niter\u00f3i), operando equipamentos de conten\u00e7\u00e3o no atendimento de emerg\u00eancia no combate ao derrame de \u00f3leo no meio ambiente; realiza inspe\u00e7\u00f5es nas \u00e1reas mar\u00edtima e terrestre de instala\u00e7\u00f5es industriais de terminais de armazenamento e\/ou distribui\u00e7\u00e3o de petr\u00f3leo e derivados. [&hellip;]<\/p>\n","protected":false},"author":1,"featured_media":0,"comment_status":"open","ping_status":"open","sticky":false,"template":"","format":"standard","meta":{"footnotes":""},"categories":[21],"tags":[],"class_list":["post-4110","post","type-post","status-publish","format-standard","hentry","category-rio-de-janeiro-rj"],"_links":{"self":[{"href":"https:\/\/vagas.portalemprego.com.br\/index.php?rest_route=\/wp\/v2\/posts\/4110","targetHints":{"allow":["GET"]}}],"collection":[{"href":"https:\/\/vagas.portalemprego.com.br\/index.php?rest_route=\/wp\/v2\/posts"}],"about":[{"href":"https:\/\/vagas.portalemprego.com.br\/index.php?rest_route=\/wp\/v2\/types\/post"}],"author":[{"embeddable":true,"href":"https:\/\/vagas.portalemprego.com.br\/index.php?rest_route=\/wp\/v2\/users\/1"}],"replies":[{"embeddable":true,"href":"https:\/\/vagas.portalemprego.com.br\/index.php?rest_route=%2Fwp%2Fv2%2Fcomments&post=4110"}],"version-history":[{"count":0,"href":"https:\/\/vagas.portalemprego.com.br\/index.php?rest_route=\/wp\/v2\/posts\/4110\/revisions"}],"wp:attachment":[{"href":"https:\/\/vagas.portalemprego.com.br\/index.php?rest_route=%2Fwp%2Fv2%2Fmedia&parent=4110"}],"wp:term":[{"taxonomy":"category","embeddable":true,"href":"https:\/\/vagas.portalemprego.com.br\/index.php?rest_route=%2Fwp%2Fv2%2Fcategories&post=4110"},{"taxonomy":"post_tag","embeddable":true,"href":"https:\/\/vagas.portalemprego.com.br\/index.php?rest_route=%2Fwp%2Fv2%2Ftags&post=4110"}],"curies":[{"name":"wp","href":"https:\/\/api.w.org\/{rel}","templated":true}]}}