{"id":4116,"date":"2026-04-29T06:21:21","date_gmt":"2026-04-29T09:21:21","guid":{"rendered":"https:\/\/vagas.portalemprego.com.br\/?p=4116"},"modified":"2026-04-29T06:21:21","modified_gmt":"2026-04-29T09:21:21","slug":"lider-de-turno-logistica-rio-de-janeiro","status":"publish","type":"post","link":"https:\/\/vagas.portalemprego.com.br\/?p=4116","title":{"rendered":"l\u00edder de turno &#8211; Log\u00edstica &#8211; Rio de Janeiro"},"content":{"rendered":"<p>Estamos em busca de um l\u00edder de turno. A posi\u00e7\u00e3o \u00e9 essencial para garantir a efici\u00eancia e a qualidade do servi\u00e7o, trabalhando em um ambiente din\u00e2mico e colaborativo.<br \/>\nFun\u00e7\u00f5es:<br \/>\nCoordenar as atividades de recebimento, confer\u00eancia, armazenagem, separa\u00e7\u00e3o, expedi\u00e7\u00e3o e invent\u00e1rio.<br \/>\nDistribuir tarefas \u00e0 equipe conforme demanda e prioridades.<br \/>\nMonitorar indicadores operacionais (produtividade, SLA, acuracidade, OTIF).<br \/>\nGarantir o cumprimento dos prazos de carregamento e descarregamento.<br \/>\nAcompanhar e ajustar o fluxo operacional conforme volume e urg\u00eancias.<br \/>\nLiderar e orientar a equipe operacional durante o turno.<br \/>\nRealizar DDS (Di\u00e1logo Di\u00e1rio de Seguran\u00e7a) e alinhamentos operacionais.<br \/>\nControlar assiduidade, pontualidade e disciplina da equipe.<br \/>\nIdentificar necessidades de treinamento e desenvolvimento.<br \/>\nMediar conflitos e manter clima organizacional adequado.<br \/>\nAplicar feedbacks e reportar desempenho ao supervisor\/gerente.<\/p>\n<p>Requisitos:<br \/>\nExperi\u00eancia em gest\u00e3o de equipes<br \/>\nConhecimento em processos operacionais<br \/>\nCapacidade de lideran\u00e7a e resolu\u00e7\u00e3o de conflitos<br \/>\nHabilidades de comunica\u00e7\u00e3o e colabora\u00e7\u00e3o<\/p>\n<p>A posi\u00e7\u00e3o \u00e9 presencial e exige comprometimento e dedica\u00e7\u00e3o para garantir o sucesso da equipe. Junte-se a n\u00f3s e fa\u00e7a a diferen\u00e7a!<\/p>\n<ul>\n<li>N\u00famero de vagas: 2<\/li>\n<li>Local de trabalho: Rio de Janeiro, RJ<\/li>\n<li>Regime de contrata\u00e7\u00e3o de tipo: Tempor\u00e1rio<\/li>\n<li>Jornada: Per\u00edodo Integral<\/li>\n<li>\u00c1rea e especializa\u00e7\u00e3o profissional: Log\u00edstica &#8211; Log\u00edstica<\/li>\n<li>N\u00edvel hier\u00e1rquico: Encarregado<\/li>\n<\/ul>\n<p>VALORIZADO<\/p>\n<p>Tempo de experi\u00eancia: Entre 1 e 3 anos<\/p>\n<p>Escolaridade M\u00ednima: Curso T\u00e9cnico<\/p>\n<p>Sal\u00e1rio: 3000,0<\/p>\n","protected":false},"excerpt":{"rendered":"<p>Estamos em busca de um l\u00edder de turno. A posi\u00e7\u00e3o \u00e9 essencial para garantir a efici\u00eancia e a qualidade do servi\u00e7o, trabalhando em um ambiente din\u00e2mico e colaborativo. Fun\u00e7\u00f5es: Coordenar as atividades de recebimento, confer\u00eancia, armazenagem, separa\u00e7\u00e3o, expedi\u00e7\u00e3o e invent\u00e1rio. Distribuir tarefas \u00e0 equipe conforme demanda e prioridades. Monitorar indicadores operacionais (produtividade, SLA, acuracidade, OTIF). [&hellip;]<\/p>\n","protected":false},"author":1,"featured_media":0,"comment_status":"open","ping_status":"open","sticky":false,"template":"","format":"standard","meta":{"footnotes":""},"categories":[21],"tags":[],"class_list":["post-4116","post","type-post","status-publish","format-standard","hentry","category-rio-de-janeiro-rj"],"_links":{"self":[{"href":"https:\/\/vagas.portalemprego.com.br\/index.php?rest_route=\/wp\/v2\/posts\/4116","targetHints":{"allow":["GET"]}}],"collection":[{"href":"https:\/\/vagas.portalemprego.com.br\/index.php?rest_route=\/wp\/v2\/posts"}],"about":[{"href":"https:\/\/vagas.portalemprego.com.br\/index.php?rest_route=\/wp\/v2\/types\/post"}],"author":[{"embeddable":true,"href":"https:\/\/vagas.portalemprego.com.br\/index.php?rest_route=\/wp\/v2\/users\/1"}],"replies":[{"embeddable":true,"href":"https:\/\/vagas.portalemprego.com.br\/index.php?rest_route=%2Fwp%2Fv2%2Fcomments&post=4116"}],"version-history":[{"count":0,"href":"https:\/\/vagas.portalemprego.com.br\/index.php?rest_route=\/wp\/v2\/posts\/4116\/revisions"}],"wp:attachment":[{"href":"https:\/\/vagas.portalemprego.com.br\/index.php?rest_route=%2Fwp%2Fv2%2Fmedia&parent=4116"}],"wp:term":[{"taxonomy":"category","embeddable":true,"href":"https:\/\/vagas.portalemprego.com.br\/index.php?rest_route=%2Fwp%2Fv2%2Fcategories&post=4116"},{"taxonomy":"post_tag","embeddable":true,"href":"https:\/\/vagas.portalemprego.com.br\/index.php?rest_route=%2Fwp%2Fv2%2Ftags&post=4116"}],"curies":[{"name":"wp","href":"https:\/\/api.w.org\/{rel}","templated":true}]}}