{"id":4121,"date":"2026-04-29T06:21:21","date_gmt":"2026-04-29T09:21:21","guid":{"rendered":"https:\/\/vagas.portalemprego.com.br\/?p=4121"},"modified":"2026-04-29T06:21:21","modified_gmt":"2026-04-29T09:21:21","slug":"vendedor-interno-comercial-vendas-rio-de-janeiro-4","status":"publish","type":"post","link":"https:\/\/vagas.portalemprego.com.br\/?p=4121","title":{"rendered":"Vendedor Interno &#8211; Comercial, Vendas &#8211; Rio de Janeiro"},"content":{"rendered":"<p>?? Vaga: Vendedor Interno \u2013 Papelex \u2013 Rio de Janeiro<br \/>\nOl\u00e1! Eu sou a Daiana, recrutadora da Adecco, l\u00edder global em Recrutamento &amp; Sele\u00e7\u00e3o.<br \/>\n A Papelex est\u00e1 buscando talentos para atuar como Vendedor Interno no Rio de Janeiro.<br \/>\n ?? Penha Circular \u2013 Rio de Janeiro<br \/>\n \u00a0?? Sal\u00e1rio: R$ 1.612,00 + Comiss\u00e3o<br \/>\n?? Hor\u00e1rio: 08h30 \u00e0s 18h (segunda a sexta-feira)<br \/>\n?? O que voc\u00ea far\u00e1<br \/>\nVendas internas por telefone<br \/>\nProspec\u00e7\u00e3o ativa<br \/>\nAtendimento, negocia\u00e7\u00e3o e fechamento<br \/>\nManuten\u00e7\u00e3o de carteira<br \/>\nRegistro no ERP<br \/>\nAtua\u00e7\u00e3o com metas<br \/>\n?? Requisitos<br \/>\nEnsino M\u00e9dio completo<br \/>\nExperi\u00eancia com vendas internas \/ televendas<br \/>\nBoa comunica\u00e7\u00e3o e foco em resultados<br \/>\nConhecimento b\u00e1sico de inform\u00e1tica<br \/>\nDiferencial: experi\u00eancia com vendas B2B<br \/>\n?? Benef\u00edcios<br \/>\nVale Alimenta\u00e7\u00e3o ou Refei\u00e7\u00e3o R$20,00 (dia)<br \/>\nVale Transporte<br \/>\nDay Off<br \/>\nConv\u00eanio com Sesc<br \/>\nConv\u00eanio Universidade<br \/>\nDesconto na loja da Empresa<br \/>\nConv\u00eanio com \u00f3tica<br \/>\n?? Quer participar do processo seletivo?<br \/>\nMe envie seu curr\u00edculo pelo WhatsApp: (21) 99458-8929<\/p>\n<ul>\n<li>Local de trabalho: Rio de Janeiro, RJ<\/li>\n<li>Regime de contrata\u00e7\u00e3o de tipo: Efetivo \u2013 CLT<\/li>\n<li>Jornada: Per\u00edodo Integral<\/li>\n<li>\u00c1rea e especializa\u00e7\u00e3o profissional: Comercial, Vendas &#8211; Venda Interna<\/li>\n<li>N\u00edvel hier\u00e1rquico: Operacional<\/li>\n<\/ul>\n<p>HABILIDADES<\/p>\n<ul>\n<li>Vendas<\/li>\n<\/ul>\n<p>Escolaridade M\u00ednima: Ensino M\u00e9dio (2\u00ba Grau)<\/p>\n<ul>\n<li>Dayoff<\/li>\n<li>Vale-alimenta\u00e7\u00e3o<\/li>\n<li>Vale-refei\u00e7\u00e3o<\/li>\n<li>SESC<\/li>\n<li>Desconto em produtos<\/li>\n<li>Vale-transporte<\/li>\n<\/ul>\n<p>Sal\u00e1rio: 1630,0<\/p>\n","protected":false},"excerpt":{"rendered":"<p>?? Vaga: Vendedor Interno \u2013 Papelex \u2013 Rio de Janeiro Ol\u00e1! Eu sou a Daiana, recrutadora da Adecco, l\u00edder global em Recrutamento &amp; Sele\u00e7\u00e3o. A Papelex est\u00e1 buscando talentos para atuar como Vendedor Interno no Rio de Janeiro. ?? Penha Circular \u2013 Rio de Janeiro \u00a0?? Sal\u00e1rio: R$ 1.612,00 + Comiss\u00e3o ?? Hor\u00e1rio: 08h30 \u00e0s [&hellip;]<\/p>\n","protected":false},"author":1,"featured_media":0,"comment_status":"open","ping_status":"open","sticky":false,"template":"","format":"standard","meta":{"footnotes":""},"categories":[21],"tags":[],"class_list":["post-4121","post","type-post","status-publish","format-standard","hentry","category-rio-de-janeiro-rj"],"_links":{"self":[{"href":"https:\/\/vagas.portalemprego.com.br\/index.php?rest_route=\/wp\/v2\/posts\/4121","targetHints":{"allow":["GET"]}}],"collection":[{"href":"https:\/\/vagas.portalemprego.com.br\/index.php?rest_route=\/wp\/v2\/posts"}],"about":[{"href":"https:\/\/vagas.portalemprego.com.br\/index.php?rest_route=\/wp\/v2\/types\/post"}],"author":[{"embeddable":true,"href":"https:\/\/vagas.portalemprego.com.br\/index.php?rest_route=\/wp\/v2\/users\/1"}],"replies":[{"embeddable":true,"href":"https:\/\/vagas.portalemprego.com.br\/index.php?rest_route=%2Fwp%2Fv2%2Fcomments&post=4121"}],"version-history":[{"count":0,"href":"https:\/\/vagas.portalemprego.com.br\/index.php?rest_route=\/wp\/v2\/posts\/4121\/revisions"}],"wp:attachment":[{"href":"https:\/\/vagas.portalemprego.com.br\/index.php?rest_route=%2Fwp%2Fv2%2Fmedia&parent=4121"}],"wp:term":[{"taxonomy":"category","embeddable":true,"href":"https:\/\/vagas.portalemprego.com.br\/index.php?rest_route=%2Fwp%2Fv2%2Fcategories&post=4121"},{"taxonomy":"post_tag","embeddable":true,"href":"https:\/\/vagas.portalemprego.com.br\/index.php?rest_route=%2Fwp%2Fv2%2Ftags&post=4121"}],"curies":[{"name":"wp","href":"https:\/\/api.w.org\/{rel}","templated":true}]}}