{"id":4124,"date":"2026-04-29T06:21:21","date_gmt":"2026-04-29T09:21:21","guid":{"rendered":"https:\/\/vagas.portalemprego.com.br\/?p=4124"},"modified":"2026-04-29T06:21:21","modified_gmt":"2026-04-29T09:21:21","slug":"operador-de-loja-padaria-laranjeiras-comercial-vendas-rio-de-janeiro","status":"publish","type":"post","link":"https:\/\/vagas.portalemprego.com.br\/?p=4124","title":{"rendered":"OPERADOR DE LOJA &#8211; PADARIA  LARANJEIRAS &#8211; Comercial, Vendas &#8211; Rio de Janeiro"},"content":{"rendered":"<p>Introdu\u00e7\u00e3o:O Grupo Da Horta busca um Operador de Loja &#8211; Padaria para atuar na unidade de Laranjeiras. Esta \u00e9 uma oportunidade para quem busca um cargo que valoriza a dedica\u00e7\u00e3o e o trabalho em equipe.<br \/>\nFun\u00e7\u00f5es:<br \/>\nGerenciar o estoque de produtos de padaria<br \/>\nAtender os clientes com efici\u00eancia<br \/>\nCoordenar a produ\u00e7\u00e3o e organiza\u00e7\u00e3o da \u00e1rea de venda<br \/>\nRealizar limpeza e organiza\u00e7\u00e3o do local de trabalho<\/p>\n<p>Requisitos:<br \/>\nCapacidade de trabalhar em um ambiente din\u00e2mico<br \/>\nAtitude colaborativa e proativa<\/p>\n<p>Esta \u00e9 uma oportunidade para quem busca um cargo que valoriza a dedica\u00e7\u00e3o e o trabalho em equipe. Venha fazer parte do Grupo Da Horta!<\/p>\n<ul>\n<li>Local de trabalho: Rio de Janeiro, RJ<\/li>\n<li>Regime de contrata\u00e7\u00e3o de tipo: Efetivo \u2013 CLT<\/li>\n<li>Jornada: Per\u00edodo Integral<\/li>\n<li>\u00c1rea e especializa\u00e7\u00e3o profissional: Comercial, Vendas &#8211; Lojas \/ Shopping<\/li>\n<li>N\u00edvel hier\u00e1rquico: Auxiliar<\/li>\n<\/ul>\n<p>VALORIZADO<\/p>\n<p>Tempo de experi\u00eancia: Sem experi\u00eancia<\/p>\n<p>Escolaridade M\u00ednima: Ensino Fundamental (1\u00ba grau)<\/p>\n<ul>\n<li>Vale-transporte<\/li>\n<li>Vale-alimenta\u00e7\u00e3o<\/li>\n<\/ul>\n<p>Sal\u00e1rio: 1810,0<\/p>\n","protected":false},"excerpt":{"rendered":"<p>Introdu\u00e7\u00e3o:O Grupo Da Horta busca um Operador de Loja &#8211; Padaria para atuar na unidade de Laranjeiras. Esta \u00e9 uma oportunidade para quem busca um cargo que valoriza a dedica\u00e7\u00e3o e o trabalho em equipe. Fun\u00e7\u00f5es: Gerenciar o estoque de produtos de padaria Atender os clientes com efici\u00eancia Coordenar a produ\u00e7\u00e3o e organiza\u00e7\u00e3o da \u00e1rea [&hellip;]<\/p>\n","protected":false},"author":1,"featured_media":0,"comment_status":"open","ping_status":"open","sticky":false,"template":"","format":"standard","meta":{"footnotes":""},"categories":[21],"tags":[],"class_list":["post-4124","post","type-post","status-publish","format-standard","hentry","category-rio-de-janeiro-rj"],"_links":{"self":[{"href":"https:\/\/vagas.portalemprego.com.br\/index.php?rest_route=\/wp\/v2\/posts\/4124","targetHints":{"allow":["GET"]}}],"collection":[{"href":"https:\/\/vagas.portalemprego.com.br\/index.php?rest_route=\/wp\/v2\/posts"}],"about":[{"href":"https:\/\/vagas.portalemprego.com.br\/index.php?rest_route=\/wp\/v2\/types\/post"}],"author":[{"embeddable":true,"href":"https:\/\/vagas.portalemprego.com.br\/index.php?rest_route=\/wp\/v2\/users\/1"}],"replies":[{"embeddable":true,"href":"https:\/\/vagas.portalemprego.com.br\/index.php?rest_route=%2Fwp%2Fv2%2Fcomments&post=4124"}],"version-history":[{"count":0,"href":"https:\/\/vagas.portalemprego.com.br\/index.php?rest_route=\/wp\/v2\/posts\/4124\/revisions"}],"wp:attachment":[{"href":"https:\/\/vagas.portalemprego.com.br\/index.php?rest_route=%2Fwp%2Fv2%2Fmedia&parent=4124"}],"wp:term":[{"taxonomy":"category","embeddable":true,"href":"https:\/\/vagas.portalemprego.com.br\/index.php?rest_route=%2Fwp%2Fv2%2Fcategories&post=4124"},{"taxonomy":"post_tag","embeddable":true,"href":"https:\/\/vagas.portalemprego.com.br\/index.php?rest_route=%2Fwp%2Fv2%2Ftags&post=4124"}],"curies":[{"name":"wp","href":"https:\/\/api.w.org\/{rel}","templated":true}]}}