{"id":4125,"date":"2026-04-29T06:21:21","date_gmt":"2026-04-29T09:21:21","guid":{"rendered":"https:\/\/vagas.portalemprego.com.br\/?p=4125"},"modified":"2026-04-29T06:21:21","modified_gmt":"2026-04-29T09:21:21","slug":"aux-servicos-gerais-laranjeiras-comercial-vendas-rio-de-janeiro","status":"publish","type":"post","link":"https:\/\/vagas.portalemprego.com.br\/?p=4125","title":{"rendered":"AUX. SERVI\u00c7OS GERAIS &#8211; LARANJEIRAS &#8211; Comercial, Vendas &#8211; Rio de Janeiro"},"content":{"rendered":"<p>Oportunidade: O Grupo Da Horta busca um Auxiliar de Servi\u00e7os Gerais para atuar na Laranjeiras. Esta \u00e9 uma chance de fazer parte de uma equipe dedicada e contribuir para o bom funcionamento do nosso escrit\u00f3rio.<br \/>\nFun\u00e7\u00f5es:<br \/>\nApoiar na manuten\u00e7\u00e3o e organiza\u00e7\u00e3o do espa\u00e7o de trabalho<br \/>\nAuxiliar na limpeza e higieniza\u00e7\u00e3o do ambiente<br \/>\nColaborar com outros setores conforme necess\u00e1rio<\/p>\n<p>Esta \u00e9 uma oportunidade para quem busca um cargo de presen\u00e7a fixa no escrit\u00f3rio, contribuindo para um ambiente de trabalho positivo e produtivo.<\/p>\n<ul>\n<li>Local de trabalho: Rio de Janeiro, RJ<\/li>\n<li>Regime de contrata\u00e7\u00e3o de tipo: Efetivo \u2013 CLT<\/li>\n<li>Jornada: Per\u00edodo Integral<\/li>\n<li>\u00c1rea e especializa\u00e7\u00e3o profissional: Comercial, Vendas &#8211; Lojas \/ Shopping<\/li>\n<li>N\u00edvel hier\u00e1rquico: Auxiliar<\/li>\n<\/ul>\n<p>VALORIZADO<\/p>\n<p>Tempo de experi\u00eancia: Sem experi\u00eancia<\/p>\n<p>Escolaridade M\u00ednima: Ensino Fundamental (1\u00ba grau)<\/p>\n<ul>\n<li>Vale-transporte<\/li>\n<li>Vale-alimenta\u00e7\u00e3o<\/li>\n<\/ul>\n<p>Sal\u00e1rio: 1810,0<\/p>\n","protected":false},"excerpt":{"rendered":"<p>Oportunidade: O Grupo Da Horta busca um Auxiliar de Servi\u00e7os Gerais para atuar na Laranjeiras. Esta \u00e9 uma chance de fazer parte de uma equipe dedicada e contribuir para o bom funcionamento do nosso escrit\u00f3rio. Fun\u00e7\u00f5es: Apoiar na manuten\u00e7\u00e3o e organiza\u00e7\u00e3o do espa\u00e7o de trabalho Auxiliar na limpeza e higieniza\u00e7\u00e3o do ambiente Colaborar com outros [&hellip;]<\/p>\n","protected":false},"author":1,"featured_media":0,"comment_status":"open","ping_status":"open","sticky":false,"template":"","format":"standard","meta":{"footnotes":""},"categories":[21],"tags":[],"class_list":["post-4125","post","type-post","status-publish","format-standard","hentry","category-rio-de-janeiro-rj"],"_links":{"self":[{"href":"https:\/\/vagas.portalemprego.com.br\/index.php?rest_route=\/wp\/v2\/posts\/4125","targetHints":{"allow":["GET"]}}],"collection":[{"href":"https:\/\/vagas.portalemprego.com.br\/index.php?rest_route=\/wp\/v2\/posts"}],"about":[{"href":"https:\/\/vagas.portalemprego.com.br\/index.php?rest_route=\/wp\/v2\/types\/post"}],"author":[{"embeddable":true,"href":"https:\/\/vagas.portalemprego.com.br\/index.php?rest_route=\/wp\/v2\/users\/1"}],"replies":[{"embeddable":true,"href":"https:\/\/vagas.portalemprego.com.br\/index.php?rest_route=%2Fwp%2Fv2%2Fcomments&post=4125"}],"version-history":[{"count":0,"href":"https:\/\/vagas.portalemprego.com.br\/index.php?rest_route=\/wp\/v2\/posts\/4125\/revisions"}],"wp:attachment":[{"href":"https:\/\/vagas.portalemprego.com.br\/index.php?rest_route=%2Fwp%2Fv2%2Fmedia&parent=4125"}],"wp:term":[{"taxonomy":"category","embeddable":true,"href":"https:\/\/vagas.portalemprego.com.br\/index.php?rest_route=%2Fwp%2Fv2%2Fcategories&post=4125"},{"taxonomy":"post_tag","embeddable":true,"href":"https:\/\/vagas.portalemprego.com.br\/index.php?rest_route=%2Fwp%2Fv2%2Ftags&post=4125"}],"curies":[{"name":"wp","href":"https:\/\/api.w.org\/{rel}","templated":true}]}}