{"id":4131,"date":"2026-04-29T06:21:21","date_gmt":"2026-04-29T09:21:21","guid":{"rendered":"https:\/\/vagas.portalemprego.com.br\/?p=4131"},"modified":"2026-04-29T06:21:21","modified_gmt":"2026-04-29T09:21:21","slug":"auxiliar-fiscal-contabil-financas-economia-rio-de-janeiro","status":"publish","type":"post","link":"https:\/\/vagas.portalemprego.com.br\/?p=4131","title":{"rendered":"Auxiliar Fiscal &#8211; Cont\u00e1bil, Finan\u00e7as, Economia &#8211; Rio de Janeiro"},"content":{"rendered":"<p>Perfil<br \/>\nO(a) Auxiliar Fiscal ser\u00e1 respons\u00e1vel por prestar suporte \u00e0s rotinas fiscais e cont\u00e1beis da empresa, contribuindo para a organiza\u00e7\u00e3o dos processos, cumprimento das obriga\u00e7\u00f5es tribut\u00e1rias e apoio operacional \u00e0 equipe.<\/p>\n<p>Atividades Desenvolvidas<br \/>\nVerificar impostos retidos e apoiar na confer\u00eancia de tributos;<br \/>\nRealizar contato com clientes para solicita\u00e7\u00e3o e confer\u00eancia de documentos e informa\u00e7\u00f5es fiscais;<br \/>\nAuxiliar nos fechamentos fiscais mensais;<br \/>\nExecutar baixas de recebimentos no sistema;<br \/>\nAtuar no lan\u00e7amento e valida\u00e7\u00e3o de notas fiscais;<br \/>\nApoiar nas rotinas relacionadas \u00e0 substitui\u00e7\u00e3o tribut\u00e1ria e no controle e organiza\u00e7\u00e3o de arquivos XML;<br \/>\nRealizar lan\u00e7amentos de opera\u00e7\u00f5es de importa\u00e7\u00e3o;<br \/>\nControlar e arquivar documentos fiscais, tais como: notas fiscais de sa\u00edda, notas fiscais de servi\u00e7o e conhecimentos de transporte rodovi\u00e1rio, emitir notas fiscais referentes \u00e0 movimenta\u00e7\u00e3o.<\/p>\n<p>Requisitos Indispens\u00e1veis<br \/>\nEnsino m\u00e9dio completo (desej\u00e1vel t\u00e9cnico ou superior em andamento em Ci\u00eancias Cont\u00e1beis ou \u00e1reas correlatas);<br \/>\nConhecimento intermedi\u00e1rio em rotinas fiscais;<br \/>\nConhecimento em emiss\u00e3o e confer\u00eancia de notas fiscais;<br \/>\nConhecimento em pacote Office;<br \/>\nConhecimento b\u00e1sico em Reforma Tribut\u00e1ria;<br \/>\nOrganiza\u00e7\u00e3o e aten\u00e7\u00e3o aos detalhes.<\/p>\n<p>Regime de Contrata\u00e7\u00e3o: CLT<br \/>\nBenef\u00edcios<br \/>\nVale Transporte<br \/>\nVR 27,50 (por dia)<br \/>\nSeguro de Vida<br \/>\nPlano de Sa\u00fade e Odontol\u00f3gico<br \/>\nPLR<\/p>\n<ul>\n<li>Local de trabalho: Rio de Janeiro, RJ<\/li>\n<li>Regime de contrata\u00e7\u00e3o de tipo: Efetivo \u2013 CLT<\/li>\n<li>Jornada: Per\u00edodo Integral<\/li>\n<li>\u00c1rea e especializa\u00e7\u00e3o profissional: Cont\u00e1bil, Finan\u00e7as, Economia &#8211; Fiscal<\/li>\n<li>N\u00edvel hier\u00e1rquico: Auxiliar<\/li>\n<\/ul>\n<p>Escolaridade M\u00ednima: Ensino Superior<\/p>\n<p>Sal\u00e1rio: 1915,0<\/p>\n","protected":false},"excerpt":{"rendered":"<p>Perfil O(a) Auxiliar Fiscal ser\u00e1 respons\u00e1vel por prestar suporte \u00e0s rotinas fiscais e cont\u00e1beis da empresa, contribuindo para a organiza\u00e7\u00e3o dos processos, cumprimento das obriga\u00e7\u00f5es tribut\u00e1rias e apoio operacional \u00e0 equipe. Atividades Desenvolvidas Verificar impostos retidos e apoiar na confer\u00eancia de tributos; Realizar contato com clientes para solicita\u00e7\u00e3o e confer\u00eancia de documentos e informa\u00e7\u00f5es fiscais; [&hellip;]<\/p>\n","protected":false},"author":1,"featured_media":0,"comment_status":"open","ping_status":"open","sticky":false,"template":"","format":"standard","meta":{"footnotes":""},"categories":[21],"tags":[],"class_list":["post-4131","post","type-post","status-publish","format-standard","hentry","category-rio-de-janeiro-rj"],"_links":{"self":[{"href":"https:\/\/vagas.portalemprego.com.br\/index.php?rest_route=\/wp\/v2\/posts\/4131","targetHints":{"allow":["GET"]}}],"collection":[{"href":"https:\/\/vagas.portalemprego.com.br\/index.php?rest_route=\/wp\/v2\/posts"}],"about":[{"href":"https:\/\/vagas.portalemprego.com.br\/index.php?rest_route=\/wp\/v2\/types\/post"}],"author":[{"embeddable":true,"href":"https:\/\/vagas.portalemprego.com.br\/index.php?rest_route=\/wp\/v2\/users\/1"}],"replies":[{"embeddable":true,"href":"https:\/\/vagas.portalemprego.com.br\/index.php?rest_route=%2Fwp%2Fv2%2Fcomments&post=4131"}],"version-history":[{"count":0,"href":"https:\/\/vagas.portalemprego.com.br\/index.php?rest_route=\/wp\/v2\/posts\/4131\/revisions"}],"wp:attachment":[{"href":"https:\/\/vagas.portalemprego.com.br\/index.php?rest_route=%2Fwp%2Fv2%2Fmedia&parent=4131"}],"wp:term":[{"taxonomy":"category","embeddable":true,"href":"https:\/\/vagas.portalemprego.com.br\/index.php?rest_route=%2Fwp%2Fv2%2Fcategories&post=4131"},{"taxonomy":"post_tag","embeddable":true,"href":"https:\/\/vagas.portalemprego.com.br\/index.php?rest_route=%2Fwp%2Fv2%2Ftags&post=4131"}],"curies":[{"name":"wp","href":"https:\/\/api.w.org\/{rel}","templated":true}]}}