{"id":4132,"date":"2026-04-29T06:21:21","date_gmt":"2026-04-29T09:21:21","guid":{"rendered":"https:\/\/vagas.portalemprego.com.br\/?p=4132"},"modified":"2026-04-29T06:21:21","modified_gmt":"2026-04-29T09:21:21","slug":"assistente-fiscal-contabil-financas-economia-rio-de-janeiro-5","status":"publish","type":"post","link":"https:\/\/vagas.portalemprego.com.br\/?p=4132","title":{"rendered":"Assistente Fiscal &#8211; Cont\u00e1bil, Finan\u00e7as, Economia &#8211; Rio de Janeiro"},"content":{"rendered":"<p>Perfil<br \/>\nO(a) Assistente Fiscal ser\u00e1 respons\u00e1vel por apoiar as rotinas fiscais e cont\u00e1beis da empresa, assegurando organiza\u00e7\u00e3o documental, conformidade tribut\u00e1ria e suporte \u00e0s demandas junto aos \u00f3rg\u00e3os fiscalizadores.<\/p>\n<p>Atividades Desenvolvidas<br \/>\nAtender \u00e0s fiscaliza\u00e7\u00f5es nos \u00e2mbitos federal, estadual e municipal, organizando documentos e prestando suporte nas informa\u00e7\u00f5es solicitadas;<br \/>\nAuxiliar na correta tributa\u00e7\u00e3o dos produtos da empresa, apoiando na an\u00e1lise de enquadramento fiscal;<br \/>\nOrganizar documentos fiscais e efetuar sua classifica\u00e7\u00e3o fiscal;<br \/>\nRealizar lan\u00e7amentos fiscais em sistema;<br \/>\nPreencher guias de recolhimento de tributos e realizar solicita\u00e7\u00f5es junto aos \u00f3rg\u00e3os governamentais;<br \/>\nControlar e arquivar documentos f\u00edsicos e digitais, garantindo organiza\u00e7\u00e3o e f\u00e1cil rastreabilidade das informa\u00e7\u00f5es;<br \/>\nApoiar a equipe fiscal nas demais rotinas da \u00e1rea;<br \/>\nEnvio das obriga\u00e7\u00f5es assessorias (ICMS, SPED, Gia e outros).<\/p>\n<p>Requisitos Indispens\u00e1veis<br \/>\nEnsino superior completo ou em andamento em Ci\u00eancias Cont\u00e1beis, Administra\u00e7\u00e3o ou \u00e1reas correlatas;<br \/>\nExperi\u00eancia pr\u00e9via na \u00e1rea fiscal;<br \/>\nConhecimento b\u00e1sico em legisla\u00e7\u00e3o tribut\u00e1ria;<br \/>\nNo\u00e7\u00f5es de classifica\u00e7\u00e3o e rotinas fiscais ;<br \/>\nConhecimento em sistemas fiscais e pacote Office.<\/p>\n<p>Regime de Contrata\u00e7\u00e3o: CLT<br \/>\nBenef\u00edcios:<br \/>\nVale Transporte<br \/>\nVR 27,50 (por dia)<br \/>\nSeguro de Vida<br \/>\nPlano de Sa\u00fade e Odontol\u00f3gico<br \/>\nPLR<\/p>\n<ul>\n<li>Local de trabalho: Rio de Janeiro, RJ<\/li>\n<li>Regime de contrata\u00e7\u00e3o de tipo: Efetivo \u2013 CLT<\/li>\n<li>Jornada: Per\u00edodo Integral<\/li>\n<li>\u00c1rea e especializa\u00e7\u00e3o profissional: Cont\u00e1bil, Finan\u00e7as, Economia &#8211; Contabilidade<\/li>\n<li>N\u00edvel hier\u00e1rquico: Assistente<\/li>\n<\/ul>\n<p>Escolaridade M\u00ednima: Ensino Superior<\/p>\n<p>Sal\u00e1rio: 2345,0<\/p>\n","protected":false},"excerpt":{"rendered":"<p>Perfil O(a) Assistente Fiscal ser\u00e1 respons\u00e1vel por apoiar as rotinas fiscais e cont\u00e1beis da empresa, assegurando organiza\u00e7\u00e3o documental, conformidade tribut\u00e1ria e suporte \u00e0s demandas junto aos \u00f3rg\u00e3os fiscalizadores. Atividades Desenvolvidas Atender \u00e0s fiscaliza\u00e7\u00f5es nos \u00e2mbitos federal, estadual e municipal, organizando documentos e prestando suporte nas informa\u00e7\u00f5es solicitadas; Auxiliar na correta tributa\u00e7\u00e3o dos produtos da empresa, [&hellip;]<\/p>\n","protected":false},"author":1,"featured_media":0,"comment_status":"open","ping_status":"open","sticky":false,"template":"","format":"standard","meta":{"footnotes":""},"categories":[21],"tags":[],"class_list":["post-4132","post","type-post","status-publish","format-standard","hentry","category-rio-de-janeiro-rj"],"_links":{"self":[{"href":"https:\/\/vagas.portalemprego.com.br\/index.php?rest_route=\/wp\/v2\/posts\/4132","targetHints":{"allow":["GET"]}}],"collection":[{"href":"https:\/\/vagas.portalemprego.com.br\/index.php?rest_route=\/wp\/v2\/posts"}],"about":[{"href":"https:\/\/vagas.portalemprego.com.br\/index.php?rest_route=\/wp\/v2\/types\/post"}],"author":[{"embeddable":true,"href":"https:\/\/vagas.portalemprego.com.br\/index.php?rest_route=\/wp\/v2\/users\/1"}],"replies":[{"embeddable":true,"href":"https:\/\/vagas.portalemprego.com.br\/index.php?rest_route=%2Fwp%2Fv2%2Fcomments&post=4132"}],"version-history":[{"count":0,"href":"https:\/\/vagas.portalemprego.com.br\/index.php?rest_route=\/wp\/v2\/posts\/4132\/revisions"}],"wp:attachment":[{"href":"https:\/\/vagas.portalemprego.com.br\/index.php?rest_route=%2Fwp%2Fv2%2Fmedia&parent=4132"}],"wp:term":[{"taxonomy":"category","embeddable":true,"href":"https:\/\/vagas.portalemprego.com.br\/index.php?rest_route=%2Fwp%2Fv2%2Fcategories&post=4132"},{"taxonomy":"post_tag","embeddable":true,"href":"https:\/\/vagas.portalemprego.com.br\/index.php?rest_route=%2Fwp%2Fv2%2Ftags&post=4132"}],"curies":[{"name":"wp","href":"https:\/\/api.w.org\/{rel}","templated":true}]}}