{"id":4134,"date":"2026-04-29T06:21:21","date_gmt":"2026-04-29T09:21:21","guid":{"rendered":"https:\/\/vagas.portalemprego.com.br\/?p=4134"},"modified":"2026-04-29T06:21:21","modified_gmt":"2026-04-29T09:21:21","slug":"auxiliar-contabil-contabil-financas-economia-rio-de-janeiro-2","status":"publish","type":"post","link":"https:\/\/vagas.portalemprego.com.br\/?p=4134","title":{"rendered":"Auxiliar Cont\u00e1bil &#8211; Cont\u00e1bil, Finan\u00e7as, Economia &#8211; Rio de Janeiro"},"content":{"rendered":"<p>Perfil<br \/>\nO(a) profissional ser\u00e1 respons\u00e1vel por apoiar as rotinas cont\u00e1beis da empresa, garantindo a organiza\u00e7\u00e3o documental, correta classifica\u00e7\u00e3o das informa\u00e7\u00f5es e suporte nas apura\u00e7\u00f5es fiscais, assegurando conformidade com a legisla\u00e7\u00e3o vigente.<\/p>\n<p>Atividades Desenvolvidas<br \/>\nOrganizar, conferir e classificar documentos cont\u00e1beis de acordo com sua natureza e finalidade;<br \/>\nRealizar lan\u00e7amentos cont\u00e1beis no sistema, assegurando precis\u00e3o e conformidade das informa\u00e7\u00f5es;<br \/>\nAuxiliar na apura\u00e7\u00e3o de impostos, contribuindo para o cumprimento das obriga\u00e7\u00f5es fiscais;<br \/>\nEfetuar concilia\u00e7\u00f5es de contas cont\u00e1beis;<br \/>\nPreencher guias de recolhimento e apoiar na elabora\u00e7\u00e3o de solicita\u00e7\u00f5es junto aos \u00f3rg\u00e3os fiscalizadores;<br \/>\nReceber, conferir e realizar o arquivamento f\u00edsico e digital de documentos;<br \/>\nApoiar a equipe cont\u00e1bil nas demais rotinas administrativas e fiscais da \u00e1rea.<\/p>\n<p>Requisito Indispens\u00e1veis<br \/>\nEnsino t\u00e9cnico ou superior em andamento em Ci\u00eancias Cont\u00e1beis;<br \/>\nConhecimento b\u00e1sico em rotinas cont\u00e1beis e fiscais;<br \/>\nNo\u00e7\u00f5es de legisla\u00e7\u00e3o tribut\u00e1ria;<br \/>\nConhecimento em sistemas cont\u00e1beis e pacote Office.<\/p>\n<p>Regime de Contrata\u00e7\u00e3o: CLT<br \/>\nBenef\u00edcios<br \/>\nVale Transporte<br \/>\nVR 27,50 (por dia)<br \/>\nSeguro de Vida<br \/>\nPlano de Sa\u00fade e Odontol\u00f3gico<br \/>\nPLR<\/p>\n<ul>\n<li>Local de trabalho: Rio de Janeiro, RJ<\/li>\n<li>Regime de contrata\u00e7\u00e3o de tipo: Efetivo \u2013 CLT<\/li>\n<li>Jornada: Per\u00edodo Integral<\/li>\n<li>\u00c1rea e especializa\u00e7\u00e3o profissional: Cont\u00e1bil, Finan\u00e7as, Economia &#8211; Contabilidade<\/li>\n<li>N\u00edvel hier\u00e1rquico: Auxiliar<\/li>\n<\/ul>\n<p>Escolaridade M\u00ednima: Ensino Superior<\/p>\n","protected":false},"excerpt":{"rendered":"<p>Perfil O(a) profissional ser\u00e1 respons\u00e1vel por apoiar as rotinas cont\u00e1beis da empresa, garantindo a organiza\u00e7\u00e3o documental, correta classifica\u00e7\u00e3o das informa\u00e7\u00f5es e suporte nas apura\u00e7\u00f5es fiscais, assegurando conformidade com a legisla\u00e7\u00e3o vigente. Atividades Desenvolvidas Organizar, conferir e classificar documentos cont\u00e1beis de acordo com sua natureza e finalidade; Realizar lan\u00e7amentos cont\u00e1beis no sistema, assegurando precis\u00e3o e conformidade [&hellip;]<\/p>\n","protected":false},"author":1,"featured_media":0,"comment_status":"open","ping_status":"open","sticky":false,"template":"","format":"standard","meta":{"footnotes":""},"categories":[21],"tags":[],"class_list":["post-4134","post","type-post","status-publish","format-standard","hentry","category-rio-de-janeiro-rj"],"_links":{"self":[{"href":"https:\/\/vagas.portalemprego.com.br\/index.php?rest_route=\/wp\/v2\/posts\/4134","targetHints":{"allow":["GET"]}}],"collection":[{"href":"https:\/\/vagas.portalemprego.com.br\/index.php?rest_route=\/wp\/v2\/posts"}],"about":[{"href":"https:\/\/vagas.portalemprego.com.br\/index.php?rest_route=\/wp\/v2\/types\/post"}],"author":[{"embeddable":true,"href":"https:\/\/vagas.portalemprego.com.br\/index.php?rest_route=\/wp\/v2\/users\/1"}],"replies":[{"embeddable":true,"href":"https:\/\/vagas.portalemprego.com.br\/index.php?rest_route=%2Fwp%2Fv2%2Fcomments&post=4134"}],"version-history":[{"count":0,"href":"https:\/\/vagas.portalemprego.com.br\/index.php?rest_route=\/wp\/v2\/posts\/4134\/revisions"}],"wp:attachment":[{"href":"https:\/\/vagas.portalemprego.com.br\/index.php?rest_route=%2Fwp%2Fv2%2Fmedia&parent=4134"}],"wp:term":[{"taxonomy":"category","embeddable":true,"href":"https:\/\/vagas.portalemprego.com.br\/index.php?rest_route=%2Fwp%2Fv2%2Fcategories&post=4134"},{"taxonomy":"post_tag","embeddable":true,"href":"https:\/\/vagas.portalemprego.com.br\/index.php?rest_route=%2Fwp%2Fv2%2Ftags&post=4134"}],"curies":[{"name":"wp","href":"https:\/\/api.w.org\/{rel}","templated":true}]}}