{"id":4136,"date":"2026-04-29T06:21:21","date_gmt":"2026-04-29T09:21:21","guid":{"rendered":"https:\/\/vagas.portalemprego.com.br\/?p=4136"},"modified":"2026-04-29T06:21:21","modified_gmt":"2026-04-29T09:21:21","slug":"auxiliar-de-limpeza-itaborai-rj-servicos-gerais-itaborai","status":"publish","type":"post","link":"https:\/\/vagas.portalemprego.com.br\/?p=4136","title":{"rendered":"Auxiliar de Limpeza &#8211; Itabora\u00ed &#8211; RJ &#8211; Servi\u00e7os Gerais &#8211; Itabora\u00ed"},"content":{"rendered":"<p>Ira atuar com limpeza do local e toda rotina da fun\u00e7\u00e3o<br \/>\nVaga para regi\u00e3o de Jd. Itambi \u2013 Itabora\u00ed &#8211; RJ<br \/>\nSal\u00e1rio: R$ 1.625,00 + 20% insalubridade + VT<br \/>\nHor\u00e1rio 08h40 as 17h00<\/p>\n<ul>\n<li>Local de trabalho: Itabora\u00ed, RJ<\/li>\n<li>Regime de contrata\u00e7\u00e3o de tipo: Tempor\u00e1rio<\/li>\n<li>Jornada: Parcial tardes<\/li>\n<li>\u00c1rea e especializa\u00e7\u00e3o profissional: Servi\u00e7os Gerais &#8211; Limpeza<\/li>\n<li>N\u00edvel hier\u00e1rquico: Operacional<\/li>\n<\/ul>\n<p>VALORIZADO<\/p>\n<p>Tempo de experi\u00eancia: Menos de 1 ano<\/p>\n<p>Escolaridade M\u00ednima: Ensino M\u00e9dio (2\u00ba Grau)<\/p>\n<ul>\n<li>Vale-transporte<\/li>\n<\/ul>\n<p>Sal\u00e1rio: 1625,0<\/p>\n","protected":false},"excerpt":{"rendered":"<p>Ira atuar com limpeza do local e toda rotina da fun\u00e7\u00e3o Vaga para regi\u00e3o de Jd. Itambi \u2013 Itabora\u00ed &#8211; RJ Sal\u00e1rio: R$ 1.625,00 + 20% insalubridade + VT Hor\u00e1rio 08h40 as 17h00 Local de trabalho: Itabora\u00ed, RJ Regime de contrata\u00e7\u00e3o de tipo: Tempor\u00e1rio Jornada: Parcial tardes \u00c1rea e especializa\u00e7\u00e3o profissional: Servi\u00e7os Gerais &#8211; Limpeza [&hellip;]<\/p>\n","protected":false},"author":1,"featured_media":0,"comment_status":"open","ping_status":"open","sticky":false,"template":"","format":"standard","meta":{"footnotes":""},"categories":[21],"tags":[],"class_list":["post-4136","post","type-post","status-publish","format-standard","hentry","category-rio-de-janeiro-rj"],"_links":{"self":[{"href":"https:\/\/vagas.portalemprego.com.br\/index.php?rest_route=\/wp\/v2\/posts\/4136","targetHints":{"allow":["GET"]}}],"collection":[{"href":"https:\/\/vagas.portalemprego.com.br\/index.php?rest_route=\/wp\/v2\/posts"}],"about":[{"href":"https:\/\/vagas.portalemprego.com.br\/index.php?rest_route=\/wp\/v2\/types\/post"}],"author":[{"embeddable":true,"href":"https:\/\/vagas.portalemprego.com.br\/index.php?rest_route=\/wp\/v2\/users\/1"}],"replies":[{"embeddable":true,"href":"https:\/\/vagas.portalemprego.com.br\/index.php?rest_route=%2Fwp%2Fv2%2Fcomments&post=4136"}],"version-history":[{"count":0,"href":"https:\/\/vagas.portalemprego.com.br\/index.php?rest_route=\/wp\/v2\/posts\/4136\/revisions"}],"wp:attachment":[{"href":"https:\/\/vagas.portalemprego.com.br\/index.php?rest_route=%2Fwp%2Fv2%2Fmedia&parent=4136"}],"wp:term":[{"taxonomy":"category","embeddable":true,"href":"https:\/\/vagas.portalemprego.com.br\/index.php?rest_route=%2Fwp%2Fv2%2Fcategories&post=4136"},{"taxonomy":"post_tag","embeddable":true,"href":"https:\/\/vagas.portalemprego.com.br\/index.php?rest_route=%2Fwp%2Fv2%2Ftags&post=4136"}],"curies":[{"name":"wp","href":"https:\/\/api.w.org\/{rel}","templated":true}]}}