{"id":4138,"date":"2026-04-29T06:21:21","date_gmt":"2026-04-29T09:21:21","guid":{"rendered":"https:\/\/vagas.portalemprego.com.br\/?p=4138"},"modified":"2026-04-29T06:21:21","modified_gmt":"2026-04-29T09:21:21","slug":"auxiliar-contabil-contabil-financas-economia-rio-de-janeiro-3","status":"publish","type":"post","link":"https:\/\/vagas.portalemprego.com.br\/?p=4138","title":{"rendered":"Auxiliar Cont\u00e1bil &#8211; Cont\u00e1bil, Finan\u00e7as, Economia &#8211; Rio de Janeiro"},"content":{"rendered":"<p>Estamos em busca de um(a) Auxiliar Cont\u00e1bil para atuar em um de nossos clientes, um escrit\u00f3rio de contabilidade especializado em execu\u00e7\u00e3o, assessoria e consultoria tribut\u00e1ria nas \u00e1reas cont\u00e1bil, fiscal, trabalhista, previdenci\u00e1ria e de recursos humanos.<\/p>\n<p>Responsabilidades:<\/p>\n<p>Auxiliar na classifica\u00e7\u00e3o e concilia\u00e7\u00e3o cont\u00e1bil;<br \/>\nApoiar na elabora\u00e7\u00e3o de lan\u00e7amentos e na organiza\u00e7\u00e3o de documentos;<br \/>\nContribuir na prepara\u00e7\u00e3o de demonstra\u00e7\u00f5es cont\u00e1beis e relat\u00f3rios;<br \/>\nAuxiliar no fechamento cont\u00e1bil mensal e anual;<br \/>\nApoiar na entrega de obriga\u00e7\u00f5es acess\u00f3rias;<br \/>\nPrestar suporte \u00e0 equipe cont\u00e1bil em atividades do dia a dia.<\/p>\n<p>Requisitos:<\/p>\n<p>Experi\u00eancia pr\u00e9via na \u00e1rea cont\u00e1bil (diferencial ter atuado em escrit\u00f3rio de contabilidade);<br \/>\nConhecimento em rotinas cont\u00e1beis;<br \/>\nNo\u00e7\u00f5es de concilia\u00e7\u00e3o banc\u00e1ria;<br \/>\nConhecimento em sistemas cont\u00e1beis (Alterdata ser\u00e1 um diferencial);<br \/>\nPacote Office (Excel b\u00e1sico).<\/p>\n<p>Benef\u00edcios:<\/p>\n<p>Benef\u00edcios: Vale Refei\u00e7\u00e3o, Vale Transporte , Plano de Sa\u00fade (cobertura de 50% pela empresa), Seguro de Vida,  Day Off.<\/p>\n<ul>\n<li>Local de trabalho: Rio de Janeiro, RJ<\/li>\n<li>Regime de contrata\u00e7\u00e3o de tipo: Efetivo \u2013 CLT<\/li>\n<li>Jornada: Per\u00edodo Integral<\/li>\n<li>\u00c1rea e especializa\u00e7\u00e3o profissional: Cont\u00e1bil, Finan\u00e7as, Economia &#8211; Contabilidade<\/li>\n<li>N\u00edvel hier\u00e1rquico: Auxiliar<\/li>\n<\/ul>\n<p>VALORIZADO<\/p>\n<p>Tempo de experi\u00eancia: Entre 3 e 5 anos<\/p>\n<p>Escolaridade M\u00ednima: Ensino Superior<\/p>\n<p>Forma\u00e7\u00e3o desejada:<\/p>\n<ul>\n<li>Ci\u00eancias cont\u00e1beis, Ensino Superior<\/li>\n<\/ul>\n<ul>\n<li>Vale-refei\u00e7\u00e3o<\/li>\n<li>Vale-transporte<\/li>\n<li>Seguro de Vida<\/li>\n<li>Plano de sa\u00fade<\/li>\n<\/ul>\n","protected":false},"excerpt":{"rendered":"<p>Estamos em busca de um(a) Auxiliar Cont\u00e1bil para atuar em um de nossos clientes, um escrit\u00f3rio de contabilidade especializado em execu\u00e7\u00e3o, assessoria e consultoria tribut\u00e1ria nas \u00e1reas cont\u00e1bil, fiscal, trabalhista, previdenci\u00e1ria e de recursos humanos. Responsabilidades: Auxiliar na classifica\u00e7\u00e3o e concilia\u00e7\u00e3o cont\u00e1bil; Apoiar na elabora\u00e7\u00e3o de lan\u00e7amentos e na organiza\u00e7\u00e3o de documentos; Contribuir na prepara\u00e7\u00e3o [&hellip;]<\/p>\n","protected":false},"author":1,"featured_media":0,"comment_status":"open","ping_status":"open","sticky":false,"template":"","format":"standard","meta":{"footnotes":""},"categories":[21],"tags":[],"class_list":["post-4138","post","type-post","status-publish","format-standard","hentry","category-rio-de-janeiro-rj"],"_links":{"self":[{"href":"https:\/\/vagas.portalemprego.com.br\/index.php?rest_route=\/wp\/v2\/posts\/4138","targetHints":{"allow":["GET"]}}],"collection":[{"href":"https:\/\/vagas.portalemprego.com.br\/index.php?rest_route=\/wp\/v2\/posts"}],"about":[{"href":"https:\/\/vagas.portalemprego.com.br\/index.php?rest_route=\/wp\/v2\/types\/post"}],"author":[{"embeddable":true,"href":"https:\/\/vagas.portalemprego.com.br\/index.php?rest_route=\/wp\/v2\/users\/1"}],"replies":[{"embeddable":true,"href":"https:\/\/vagas.portalemprego.com.br\/index.php?rest_route=%2Fwp%2Fv2%2Fcomments&post=4138"}],"version-history":[{"count":0,"href":"https:\/\/vagas.portalemprego.com.br\/index.php?rest_route=\/wp\/v2\/posts\/4138\/revisions"}],"wp:attachment":[{"href":"https:\/\/vagas.portalemprego.com.br\/index.php?rest_route=%2Fwp%2Fv2%2Fmedia&parent=4138"}],"wp:term":[{"taxonomy":"category","embeddable":true,"href":"https:\/\/vagas.portalemprego.com.br\/index.php?rest_route=%2Fwp%2Fv2%2Fcategories&post=4138"},{"taxonomy":"post_tag","embeddable":true,"href":"https:\/\/vagas.portalemprego.com.br\/index.php?rest_route=%2Fwp%2Fv2%2Ftags&post=4138"}],"curies":[{"name":"wp","href":"https:\/\/api.w.org\/{rel}","templated":true}]}}