{"id":4141,"date":"2026-04-29T06:22:22","date_gmt":"2026-04-29T09:22:22","guid":{"rendered":"https:\/\/vagas.portalemprego.com.br\/?p=4141"},"modified":"2026-04-29T06:22:22","modified_gmt":"2026-04-29T09:22:22","slug":"estagio-em-letras-pedagogia-e-historia-pcd-educacao-ensino-idiomas-rio-de-janeiro","status":"publish","type":"post","link":"https:\/\/vagas.portalemprego.com.br\/?p=4141","title":{"rendered":"Est\u00e1gio em Letras\/Pedagogia e Hist\u00f3ria &#8211; PCD &#8211; Educa\u00e7\u00e3o, Ensino, Idiomas &#8211; Rio de Janeiro"},"content":{"rendered":"<p>Empresa no segmento de Marketing Cultural, Social e Ambiental seleciona estudantes de LETRAS \/ PEDAGOGIA \/ HIST\u00d3RIA, 3\u00ba ao 7\u00ba per\u00edodo, para oportunidade de est\u00e1gio em projeto de biblioteca itinerante. &#8211; EXCLUSIVA PARA PESSOAS COM DEFICI\u00caNCIA<\/p>\n<p>Atividades:<br \/>\n&#8211; Atuar na media\u00e7\u00e3o de leitura com crian\u00e7as, jovens, adultos e idosos;<br \/>\n&#8211; Realizar conta\u00e7\u00e3o de hist\u00f3rias, rodas de leitura e atividades l\u00fadico-pedag\u00f3gicas;<br \/>\n&#8211; Apoiar a\u00e7\u00f5es culturais e educativas do projeto;<br \/>\n&#8211; Registrar as atividades diariamente, com fotos e relat\u00f3rios.<br \/>\n&#8211; Dentre outras pertinentes<\/p>\n<p>Local: Rio de Janeiro &#8211; RJ<\/p>\n<p>Hor\u00e1rio: 9:00h \u00e0s 16:00h (com 1h de intervalo) &#8211; segunda a sexta<\/p>\n<p>Oferece bolsa de R$ 1.200 + VT + Vale-lanche<\/p>\n<p>Necess\u00e1rio: Conhecimento b\u00e1sico em literatura infantil, juvenil e adulta; conhecimento em Word<\/p>\n<ul>\n<li>Local de trabalho: Rio de Janeiro, RJ<\/li>\n<li>Regime de contrata\u00e7\u00e3o de tipo: Est\u00e1gio<\/li>\n<li>Jornada: Per\u00edodo Integral<\/li>\n<li>\u00c1rea e especializa\u00e7\u00e3o profissional: Educa\u00e7\u00e3o, Ensino, Idiomas &#8211; Educa\u00e7\u00e3o Infantil<\/li>\n<li>N\u00edvel hier\u00e1rquico: Estagi\u00e1rio<\/li>\n<\/ul>\n<p>Escolaridade M\u00ednima: Ensino Superior<\/p>\n<p>Sal\u00e1rio: 1200,0<\/p>\n","protected":false},"excerpt":{"rendered":"<p>Empresa no segmento de Marketing Cultural, Social e Ambiental seleciona estudantes de LETRAS \/ PEDAGOGIA \/ HIST\u00d3RIA, 3\u00ba ao 7\u00ba per\u00edodo, para oportunidade de est\u00e1gio em projeto de biblioteca itinerante. &#8211; EXCLUSIVA PARA PESSOAS COM DEFICI\u00caNCIA Atividades: &#8211; Atuar na media\u00e7\u00e3o de leitura com crian\u00e7as, jovens, adultos e idosos; &#8211; Realizar conta\u00e7\u00e3o de hist\u00f3rias, rodas [&hellip;]<\/p>\n","protected":false},"author":1,"featured_media":0,"comment_status":"open","ping_status":"open","sticky":false,"template":"","format":"standard","meta":{"footnotes":""},"categories":[21],"tags":[],"class_list":["post-4141","post","type-post","status-publish","format-standard","hentry","category-rio-de-janeiro-rj"],"_links":{"self":[{"href":"https:\/\/vagas.portalemprego.com.br\/index.php?rest_route=\/wp\/v2\/posts\/4141","targetHints":{"allow":["GET"]}}],"collection":[{"href":"https:\/\/vagas.portalemprego.com.br\/index.php?rest_route=\/wp\/v2\/posts"}],"about":[{"href":"https:\/\/vagas.portalemprego.com.br\/index.php?rest_route=\/wp\/v2\/types\/post"}],"author":[{"embeddable":true,"href":"https:\/\/vagas.portalemprego.com.br\/index.php?rest_route=\/wp\/v2\/users\/1"}],"replies":[{"embeddable":true,"href":"https:\/\/vagas.portalemprego.com.br\/index.php?rest_route=%2Fwp%2Fv2%2Fcomments&post=4141"}],"version-history":[{"count":0,"href":"https:\/\/vagas.portalemprego.com.br\/index.php?rest_route=\/wp\/v2\/posts\/4141\/revisions"}],"wp:attachment":[{"href":"https:\/\/vagas.portalemprego.com.br\/index.php?rest_route=%2Fwp%2Fv2%2Fmedia&parent=4141"}],"wp:term":[{"taxonomy":"category","embeddable":true,"href":"https:\/\/vagas.portalemprego.com.br\/index.php?rest_route=%2Fwp%2Fv2%2Fcategories&post=4141"},{"taxonomy":"post_tag","embeddable":true,"href":"https:\/\/vagas.portalemprego.com.br\/index.php?rest_route=%2Fwp%2Fv2%2Ftags&post=4141"}],"curies":[{"name":"wp","href":"https:\/\/api.w.org\/{rel}","templated":true}]}}