{"id":4142,"date":"2026-04-29T06:22:22","date_gmt":"2026-04-29T09:22:22","guid":{"rendered":"https:\/\/vagas.portalemprego.com.br\/?p=4142"},"modified":"2026-04-29T06:22:22","modified_gmt":"2026-04-29T09:22:22","slug":"estagio-em-administracao-administracao-rio-de-janeiro-4","status":"publish","type":"post","link":"https:\/\/vagas.portalemprego.com.br\/?p=4142","title":{"rendered":"Est\u00e1gio em Administra\u00e7\u00e3o &#8211; Administra\u00e7\u00e3o &#8211; Rio de Janeiro"},"content":{"rendered":"<p>F\u00c1BRICA DE PRODUTOS DO REFINO DE PETR\u00d3LEO , SELECIONA ESTUDANTES DE ADMINISTRA\u00c7\u00c3O 2\u00b0 AO 6\u00b0 PER\u00cdODO, PARA EST\u00c1GIO.<\/p>\n<p>ATIVIDADES:<br \/>\n&#8211; ALIMENTA\u00c7\u00c3O DE PLANILHAS;<br \/>\n&#8211; ORGANIZA\u00c7\u00c3O E ARQUIVAMENTO DE DOCUMENTOS;<br \/>\n&#8211; SUPORTE NA \u00c1REA DE VENDA;<br \/>\n&#8211; SUPORTE NA \u00c1REA DO DP<\/p>\n<p>OFERECE VALOR DE BOLSA DE R$ 1.000,00 + VT<\/p>\n<p>HOR\u00c1RIO: DE SEGUNDA \u00c0 SEXTA DE 09:00 \u00c1S 16:00 COM 1 HORA DE INTERVALO<\/p>\n<p>LOCAL: SANTA CRUZ\/RJ<\/p>\n<p>REQUISITO: CONHECIMENTO EM EXCEL<\/p>\n<ul>\n<li>Local de trabalho: Rio de Janeiro, RJ<\/li>\n<li>Regime de contrata\u00e7\u00e3o de tipo: Est\u00e1gio<\/li>\n<li>Jornada: Per\u00edodo Integral<\/li>\n<li>\u00c1rea e especializa\u00e7\u00e3o profissional: Administra\u00e7\u00e3o &#8211; Administra\u00e7\u00e3o Geral<\/li>\n<li>N\u00edvel hier\u00e1rquico: Estagi\u00e1rio<\/li>\n<\/ul>\n<p>Escolaridade M\u00ednima: Ensino Superior<\/p>\n<ul>\n<li>Aux\u00edlio Transporte<\/li>\n<\/ul>\n<p>Sal\u00e1rio: 1000,0<\/p>\n","protected":false},"excerpt":{"rendered":"<p>F\u00c1BRICA DE PRODUTOS DO REFINO DE PETR\u00d3LEO , SELECIONA ESTUDANTES DE ADMINISTRA\u00c7\u00c3O 2\u00b0 AO 6\u00b0 PER\u00cdODO, PARA EST\u00c1GIO. ATIVIDADES: &#8211; ALIMENTA\u00c7\u00c3O DE PLANILHAS; &#8211; ORGANIZA\u00c7\u00c3O E ARQUIVAMENTO DE DOCUMENTOS; &#8211; SUPORTE NA \u00c1REA DE VENDA; &#8211; SUPORTE NA \u00c1REA DO DP OFERECE VALOR DE BOLSA DE R$ 1.000,00 + VT HOR\u00c1RIO: DE SEGUNDA \u00c0 SEXTA [&hellip;]<\/p>\n","protected":false},"author":1,"featured_media":0,"comment_status":"open","ping_status":"open","sticky":false,"template":"","format":"standard","meta":{"footnotes":""},"categories":[21],"tags":[],"class_list":["post-4142","post","type-post","status-publish","format-standard","hentry","category-rio-de-janeiro-rj"],"_links":{"self":[{"href":"https:\/\/vagas.portalemprego.com.br\/index.php?rest_route=\/wp\/v2\/posts\/4142","targetHints":{"allow":["GET"]}}],"collection":[{"href":"https:\/\/vagas.portalemprego.com.br\/index.php?rest_route=\/wp\/v2\/posts"}],"about":[{"href":"https:\/\/vagas.portalemprego.com.br\/index.php?rest_route=\/wp\/v2\/types\/post"}],"author":[{"embeddable":true,"href":"https:\/\/vagas.portalemprego.com.br\/index.php?rest_route=\/wp\/v2\/users\/1"}],"replies":[{"embeddable":true,"href":"https:\/\/vagas.portalemprego.com.br\/index.php?rest_route=%2Fwp%2Fv2%2Fcomments&post=4142"}],"version-history":[{"count":0,"href":"https:\/\/vagas.portalemprego.com.br\/index.php?rest_route=\/wp\/v2\/posts\/4142\/revisions"}],"wp:attachment":[{"href":"https:\/\/vagas.portalemprego.com.br\/index.php?rest_route=%2Fwp%2Fv2%2Fmedia&parent=4142"}],"wp:term":[{"taxonomy":"category","embeddable":true,"href":"https:\/\/vagas.portalemprego.com.br\/index.php?rest_route=%2Fwp%2Fv2%2Fcategories&post=4142"},{"taxonomy":"post_tag","embeddable":true,"href":"https:\/\/vagas.portalemprego.com.br\/index.php?rest_route=%2Fwp%2Fv2%2Ftags&post=4142"}],"curies":[{"name":"wp","href":"https:\/\/api.w.org\/{rel}","templated":true}]}}