{"id":4143,"date":"2026-04-29T06:22:22","date_gmt":"2026-04-29T09:22:22","guid":{"rendered":"https:\/\/vagas.portalemprego.com.br\/?p=4143"},"modified":"2026-04-29T06:22:22","modified_gmt":"2026-04-29T09:22:22","slug":"camareiro-de-hotel-hotelaria-turismo-rio-de-janeiro","status":"publish","type":"post","link":"https:\/\/vagas.portalemprego.com.br\/?p=4143","title":{"rendered":"Camareiro de Hotel &#8211; Hotelaria, Turismo &#8211; Rio de Janeiro"},"content":{"rendered":"<p>?? Sobre a vaga:<br \/>\n&#8211; Limpeza e arruma\u00e7\u00e3o dos quartos e \u00e1reas comuns<br \/>\n&#8211; Troca de roupa de cama e enxoval<br \/>\n&#8211; Controle de materiais e estoque de limpeza<br \/>\n&#8211; Manter o padr\u00e3o de qualidade do hotel<\/p>\n<p>?? Requisitos:<br \/>\n? Experi\u00eancia em governan\u00e7a ou limpeza de hotel<br \/>\n? Experi\u00eancia com Duvet<br \/>\n? Organiza\u00e7\u00e3o e aten\u00e7\u00e3o aos detalhes<\/p>\n<p>? Escala:<br \/>\n?? 6&#215;1 \u2013 das 15h \u00e0s 23h<\/p>\n<p>?? Benef\u00edcios:<br \/>\n?? VA + Refei\u00e7\u00e3o no local<br \/>\n?? Assist\u00eancia M\u00e9dica<br \/>\n?? Assist\u00eancia Odontol\u00f3gica<\/p>\n<ul>\n<li>Local de trabalho: Rio de Janeiro, RJ<\/li>\n<li>Regime de contrata\u00e7\u00e3o de tipo: Efetivo \u2013 CLT<\/li>\n<li>Jornada: Per\u00edodo Integral<\/li>\n<li>\u00c1rea e especializa\u00e7\u00e3o profissional: Hotelaria, Turismo &#8211; Hotelaria<\/li>\n<li>N\u00edvel hier\u00e1rquico: Auxiliar<\/li>\n<\/ul>\n<p>Escolaridade M\u00ednima: Ensino M\u00e9dio (2\u00ba Grau)<\/p>\n<p>Sal\u00e1rio: 1819,56<\/p>\n","protected":false},"excerpt":{"rendered":"<p>?? Sobre a vaga: &#8211; Limpeza e arruma\u00e7\u00e3o dos quartos e \u00e1reas comuns &#8211; Troca de roupa de cama e enxoval &#8211; Controle de materiais e estoque de limpeza &#8211; Manter o padr\u00e3o de qualidade do hotel ?? Requisitos: ? Experi\u00eancia em governan\u00e7a ou limpeza de hotel ? Experi\u00eancia com Duvet ? Organiza\u00e7\u00e3o e aten\u00e7\u00e3o [&hellip;]<\/p>\n","protected":false},"author":1,"featured_media":0,"comment_status":"open","ping_status":"open","sticky":false,"template":"","format":"standard","meta":{"footnotes":""},"categories":[21],"tags":[],"class_list":["post-4143","post","type-post","status-publish","format-standard","hentry","category-rio-de-janeiro-rj"],"_links":{"self":[{"href":"https:\/\/vagas.portalemprego.com.br\/index.php?rest_route=\/wp\/v2\/posts\/4143","targetHints":{"allow":["GET"]}}],"collection":[{"href":"https:\/\/vagas.portalemprego.com.br\/index.php?rest_route=\/wp\/v2\/posts"}],"about":[{"href":"https:\/\/vagas.portalemprego.com.br\/index.php?rest_route=\/wp\/v2\/types\/post"}],"author":[{"embeddable":true,"href":"https:\/\/vagas.portalemprego.com.br\/index.php?rest_route=\/wp\/v2\/users\/1"}],"replies":[{"embeddable":true,"href":"https:\/\/vagas.portalemprego.com.br\/index.php?rest_route=%2Fwp%2Fv2%2Fcomments&post=4143"}],"version-history":[{"count":0,"href":"https:\/\/vagas.portalemprego.com.br\/index.php?rest_route=\/wp\/v2\/posts\/4143\/revisions"}],"wp:attachment":[{"href":"https:\/\/vagas.portalemprego.com.br\/index.php?rest_route=%2Fwp%2Fv2%2Fmedia&parent=4143"}],"wp:term":[{"taxonomy":"category","embeddable":true,"href":"https:\/\/vagas.portalemprego.com.br\/index.php?rest_route=%2Fwp%2Fv2%2Fcategories&post=4143"},{"taxonomy":"post_tag","embeddable":true,"href":"https:\/\/vagas.portalemprego.com.br\/index.php?rest_route=%2Fwp%2Fv2%2Ftags&post=4143"}],"curies":[{"name":"wp","href":"https:\/\/api.w.org\/{rel}","templated":true}]}}