{"id":4145,"date":"2026-04-29T06:22:22","date_gmt":"2026-04-29T09:22:22","guid":{"rendered":"https:\/\/vagas.portalemprego.com.br\/?p=4145"},"modified":"2026-04-29T06:22:22","modified_gmt":"2026-04-29T09:22:22","slug":"supervisor-contabil-contabil-financas-economia-rio-de-janeiro-3","status":"publish","type":"post","link":"https:\/\/vagas.portalemprego.com.br\/?p=4145","title":{"rendered":"Supervisor Cont\u00e1bil &#8211; Cont\u00e1bil, Finan\u00e7as, Economia &#8211; Rio de Janeiro"},"content":{"rendered":"<p>Oportunidade: Estamos em busca de um Supervisor Cont\u00e1bil para se juntar ao nosso time. A posi\u00e7\u00e3o oferece um ambiente de trabalho din\u00e2mico e colaborativo, com uma abordagem focada em resultados e \u00e9tica profissional.<br \/>\nFun\u00e7\u00f5es:<br \/>\nGerenciar as atividades cont\u00e1beis da equipe<br \/>\nCoordenar o processo de fechamento mensal e anual<br \/>\nAcompanhar a conformidade com as normas cont\u00e1beis<br \/>\nColaborar com auditorias internas e externas<\/p>\n<p>Requisitos:<br \/>\nExperi\u00eancia em gest\u00e3o cont\u00e1bil<br \/>\nConhecimento em legisla\u00e7\u00e3o tribut\u00e1ria<br \/>\nCapacidade de an\u00e1lise financeira<br \/>\nHabilidade em trabalho em equipe<\/p>\n<p>Benef\u00edcios:<br \/>\nOferecemos um ambiente de trabalho flex\u00edvel<br \/>\nVoc\u00ea ter\u00e1 acesso a programas de desenvolvimento profissional<br \/>\nAmbiente de colabora\u00e7\u00e3o e aprendizado cont\u00ednuo<\/p>\n<p>A oportunidade \u00e9 h\u00edbrida, permitindo flexibilidade entre trabalho presencial e remoto. Junte-se a n\u00f3s e contribua para o sucesso da nossa equipe cont\u00e1bil!<\/p>\n<ul>\n<li>Local de trabalho: Rio de Janeiro, RJ<\/li>\n<li>Regime de contrata\u00e7\u00e3o de tipo: Efetivo \u2013 CLT<\/li>\n<li>Jornada: Per\u00edodo Integral<\/li>\n<li>\u00c1rea e especializa\u00e7\u00e3o profissional: Cont\u00e1bil, Finan\u00e7as, Economia &#8211; Contabilidade<\/li>\n<li>N\u00edvel hier\u00e1rquico: Supervisor<\/li>\n<\/ul>\n<p>VALORIZADO<\/p>\n<p>Tempo de experi\u00eancia: Entre 1 e 3 anos<\/p>\n<p>HABILIDADES<\/p>\n<ul>\n<li>BPO<\/li>\n<li>cont\u00e1bil<\/li>\n<li>ci\u00eancias cont\u00e1beis<\/li>\n<li>CRC<\/li>\n<li>escrit\u00f3rio de contabilidade<\/li>\n<li>Lucro real<\/li>\n<\/ul>\n<p>Escolaridade M\u00ednima: Ensino Superior<\/p>\n<p>Forma\u00e7\u00e3o desejada:<\/p>\n<ul>\n<li>Ci\u00eancias cont\u00e1beis, Ensino Superior<\/li>\n<\/ul>\n","protected":false},"excerpt":{"rendered":"<p>Oportunidade: Estamos em busca de um Supervisor Cont\u00e1bil para se juntar ao nosso time. A posi\u00e7\u00e3o oferece um ambiente de trabalho din\u00e2mico e colaborativo, com uma abordagem focada em resultados e \u00e9tica profissional. Fun\u00e7\u00f5es: Gerenciar as atividades cont\u00e1beis da equipe Coordenar o processo de fechamento mensal e anual Acompanhar a conformidade com as normas cont\u00e1beis [&hellip;]<\/p>\n","protected":false},"author":1,"featured_media":0,"comment_status":"open","ping_status":"open","sticky":false,"template":"","format":"standard","meta":{"footnotes":""},"categories":[21],"tags":[],"class_list":["post-4145","post","type-post","status-publish","format-standard","hentry","category-rio-de-janeiro-rj"],"_links":{"self":[{"href":"https:\/\/vagas.portalemprego.com.br\/index.php?rest_route=\/wp\/v2\/posts\/4145","targetHints":{"allow":["GET"]}}],"collection":[{"href":"https:\/\/vagas.portalemprego.com.br\/index.php?rest_route=\/wp\/v2\/posts"}],"about":[{"href":"https:\/\/vagas.portalemprego.com.br\/index.php?rest_route=\/wp\/v2\/types\/post"}],"author":[{"embeddable":true,"href":"https:\/\/vagas.portalemprego.com.br\/index.php?rest_route=\/wp\/v2\/users\/1"}],"replies":[{"embeddable":true,"href":"https:\/\/vagas.portalemprego.com.br\/index.php?rest_route=%2Fwp%2Fv2%2Fcomments&post=4145"}],"version-history":[{"count":0,"href":"https:\/\/vagas.portalemprego.com.br\/index.php?rest_route=\/wp\/v2\/posts\/4145\/revisions"}],"wp:attachment":[{"href":"https:\/\/vagas.portalemprego.com.br\/index.php?rest_route=%2Fwp%2Fv2%2Fmedia&parent=4145"}],"wp:term":[{"taxonomy":"category","embeddable":true,"href":"https:\/\/vagas.portalemprego.com.br\/index.php?rest_route=%2Fwp%2Fv2%2Fcategories&post=4145"},{"taxonomy":"post_tag","embeddable":true,"href":"https:\/\/vagas.portalemprego.com.br\/index.php?rest_route=%2Fwp%2Fv2%2Ftags&post=4145"}],"curies":[{"name":"wp","href":"https:\/\/api.w.org\/{rel}","templated":true}]}}