{"id":4147,"date":"2026-04-29T06:22:22","date_gmt":"2026-04-29T09:22:22","guid":{"rendered":"https:\/\/vagas.portalemprego.com.br\/?p=4147"},"modified":"2026-04-29T06:22:22","modified_gmt":"2026-04-29T09:22:22","slug":"hisense-promotor-de-vendas-eletrodomesticos-centro-e-zona-sul-rj-comercial-vendas-rio-de-janeiro","status":"publish","type":"post","link":"https:\/\/vagas.portalemprego.com.br\/?p=4147","title":{"rendered":"Hisense &#8211; Promotor de Vendas (Eletrodom\u00e9sticos) &#8211; Centro e Zona Sul\/RJ &#8211; Comercial, Vendas &#8211; Rio de Janeiro"},"content":{"rendered":"<p>O Promotor de Vendas da tem como principal responsabilidade promover a marca, aumentar a visibilidade dos produtos e incentivar as vendas nos pontos de venda. O profissional ser\u00e1 um elo importante entre a empresa e os vendedores, garantindo que os produtos sejam destacados de maneira eficaz, com os vendedores treinados e informados sobre as caracter\u00edsticas e vantagens dos produtos da marca.<\/p>\n<p>\u2022 Realizar treinamentos cont\u00ednuos com os vendedores sobre as especificidades dos produtos da marca garantindo que eles tenham pleno conhecimento sobre as funcionalidades, diferenciais e benef\u00edcios.<br \/>\n\u2022 Assegurar que os vendedores estejam preparados para responder \u00e0s d\u00favidas dos clientes e realizar vendas eficientes.<br \/>\n\u2022 Garantir que os produtos da marca estejam sempre em destaque nas lojas, com materiais promocionais posicionados corretamente e bem vis\u00edveis.<br \/>\n\u2022 Manter as vitrines, displays e prateleiras organizados e atrativos.<br \/>\n\u2022 Ser pontual e cumprir o cronograma de visitas estabelecido para cada ponto de venda.<br \/>\n\u2022 Reportar a frequ\u00eancia e os resultados das visitas, conforme as diretrizes da empresa.<br \/>\n\u2022 Manter-se atualizado sobre as novidades da marca e as tend\u00eancias do mercado.<br \/>\n\u2022 Compartilhar informa\u00e7\u00f5es sobre os produtos com os vendedores e garantir que estejam atualizados com os lan\u00e7amentos e inova\u00e7\u00f5es da marca.<br \/>\n\u2022 Desenvolver estrat\u00e9gias para maximizar as vendas no ponto de venda.<br \/>\n\u2022 Acompanhar as metas de vendas e trabalhar para alcan\u00e7\u00e1-las, promovendo a convers\u00e3o de leads em vendas concretizadas.<\/p>\n<p>Ensino M\u00e9dio Completo<br \/>\nExperi\u00eancia pr\u00e9via na \u00e1rea de vendas ou merchandising (preferencialmente no setor de eletrodom\u00e9sticos e eletr\u00f4nicos).<br \/>\nHabilidade de comunica\u00e7\u00e3o e de treinamento de equipes.<br \/>\nProatividade e foco em resultados.<br \/>\nFacilidade para trabalhar de forma independente e com metas.<br \/>\nFacilidade em manusear aplicativos via mobile.<br \/>\nConhecimento b\u00e1sico em inform\u00e1tica (para utiliza\u00e7\u00e3o de sistemas de monitoramento de KPIs e relat\u00f3rios).<br \/>\nDisponibilidade para deslocamentos conforme a necessidade.<\/p>\n<p>Sal\u00e1rio compat\u00edvel com o mercado<br \/>\nVR por dia<br \/>\nAss. M\u00e9dica<br \/>\nVT conforme roteiro<br \/>\nHor\u00e1rio: Seg a S\u00e1b 12:00 \u00e0s 21:00 Qua 14:00 \u00e0s 18:00<\/p>\n<ul>\n<li>Local de trabalho: Rio de Janeiro, RJ<\/li>\n<li>Regime de contrata\u00e7\u00e3o de tipo: Efetivo \u2013 CLT<\/li>\n<li>Jornada: Per\u00edodo Integral<\/li>\n<li>\u00c1rea e especializa\u00e7\u00e3o profissional: Comercial, Vendas &#8211; Demonstrador \/ Promotor<\/li>\n<li>N\u00edvel hier\u00e1rquico: Operacional<\/li>\n<\/ul>\n<p>Escolaridade M\u00ednima: Ensino M\u00e9dio (2\u00ba Grau)<\/p>\n","protected":false},"excerpt":{"rendered":"<p>O Promotor de Vendas da tem como principal responsabilidade promover a marca, aumentar a visibilidade dos produtos e incentivar as vendas nos pontos de venda. O profissional ser\u00e1 um elo importante entre a empresa e os vendedores, garantindo que os produtos sejam destacados de maneira eficaz, com os vendedores treinados e informados sobre as caracter\u00edsticas [&hellip;]<\/p>\n","protected":false},"author":1,"featured_media":0,"comment_status":"open","ping_status":"open","sticky":false,"template":"","format":"standard","meta":{"footnotes":""},"categories":[21],"tags":[],"class_list":["post-4147","post","type-post","status-publish","format-standard","hentry","category-rio-de-janeiro-rj"],"_links":{"self":[{"href":"https:\/\/vagas.portalemprego.com.br\/index.php?rest_route=\/wp\/v2\/posts\/4147","targetHints":{"allow":["GET"]}}],"collection":[{"href":"https:\/\/vagas.portalemprego.com.br\/index.php?rest_route=\/wp\/v2\/posts"}],"about":[{"href":"https:\/\/vagas.portalemprego.com.br\/index.php?rest_route=\/wp\/v2\/types\/post"}],"author":[{"embeddable":true,"href":"https:\/\/vagas.portalemprego.com.br\/index.php?rest_route=\/wp\/v2\/users\/1"}],"replies":[{"embeddable":true,"href":"https:\/\/vagas.portalemprego.com.br\/index.php?rest_route=%2Fwp%2Fv2%2Fcomments&post=4147"}],"version-history":[{"count":0,"href":"https:\/\/vagas.portalemprego.com.br\/index.php?rest_route=\/wp\/v2\/posts\/4147\/revisions"}],"wp:attachment":[{"href":"https:\/\/vagas.portalemprego.com.br\/index.php?rest_route=%2Fwp%2Fv2%2Fmedia&parent=4147"}],"wp:term":[{"taxonomy":"category","embeddable":true,"href":"https:\/\/vagas.portalemprego.com.br\/index.php?rest_route=%2Fwp%2Fv2%2Fcategories&post=4147"},{"taxonomy":"post_tag","embeddable":true,"href":"https:\/\/vagas.portalemprego.com.br\/index.php?rest_route=%2Fwp%2Fv2%2Ftags&post=4147"}],"curies":[{"name":"wp","href":"https:\/\/api.w.org\/{rel}","templated":true}]}}