{"id":4148,"date":"2026-04-29T06:22:22","date_gmt":"2026-04-29T09:22:22","guid":{"rendered":"https:\/\/vagas.portalemprego.com.br\/?p=4148"},"modified":"2026-04-29T06:22:22","modified_gmt":"2026-04-29T09:22:22","slug":"analista-operacional-logistica-rio-de-janeiro","status":"publish","type":"post","link":"https:\/\/vagas.portalemprego.com.br\/?p=4148","title":{"rendered":"Analista Operacional &#8211; Log\u00edstica &#8211; Rio de Janeiro"},"content":{"rendered":"<p>Responsabilidades e Atribui\u00e7\u00f5es: <\/p>\n<p>MISS\u00c3O DO CARGO:<\/p>\n<p>Desenvolver e implementar pol\u00edticas e procedimentos no que diz respeito a Log\u00edstica com o prop\u00f3sito de manter informa\u00e7\u00f5es acuradas e com base nas melhores pr\u00e1ticas da companhia. Identificar qualquer defici\u00eancia e inefici\u00eancia nos processos e apresentar poss\u00edveis a\u00e7\u00f5es corretivas.<\/p>\n<p>ATIVIDADES:<\/p>\n<p>Respons\u00e1vel por todo planejamento, execu\u00e7\u00e3o e ajustes de invent\u00e1rios c\u00edclicos e invent\u00e1rios Gerais.<br \/>\nControles di\u00e1rios e Gest\u00e3o do estoque.<br \/>\nAn\u00e1lise das movimenta\u00e7\u00f5es di\u00e1rias, entrada e sa\u00edda de materiais.<br \/>\nAcompanhamento do processo de devolu\u00e7\u00f5es e recebimento no sistema interno da CIA. Indicadores de Performance.<br \/>\nManter as boas pr\u00e1ticas de organiza\u00e7\u00e3o, limpeza e seguran\u00e7a do trabalho disseminando aos demais membros da equipe.<br \/>\nUsar corretamente o EPI durante o trabalho, mantendo-os sempre em boas condi\u00e7\u00f5es de uso e conserva\u00e7\u00e3o.<\/p>\n<p>Requisitos e Qualifica\u00e7\u00f5es<\/p>\n<p>Escolaridade &#8211; Superior completo em Engenharia, Administra\u00e7\u00e3o, Economia, Log\u00edstica e\/ou outros.<br \/>\nHabilidades e Atitudes<br \/>\nBoa capacidade de comunica\u00e7\u00e3o<br \/>\nFlexibilidade<br \/>\nIniciativa<br \/>\nCapacidade de trabalhar em equipe<br \/>\nComprometimento<br \/>\nDin\u00e2mico<br \/>\nFoco em resultados<br \/>\nPer\u00edodo de Experi\u00eancia De 2 a 4 anos de experi\u00eancia na \u00e1rea Log\u00edstica.<\/p>\n<ul>\n<li>Local de trabalho: Rio de Janeiro, RJ<\/li>\n<li>Regime de contrata\u00e7\u00e3o de tipo: Efetivo \u2013 CLT<\/li>\n<li>Jornada: Per\u00edodo Integral<\/li>\n<li>\u00c1rea e especializa\u00e7\u00e3o profissional: Log\u00edstica &#8211; Log\u00edstica<\/li>\n<li>N\u00edvel hier\u00e1rquico: Analista<\/li>\n<\/ul>\n<p>VALORIZADO<\/p>\n<p>Tempo de experi\u00eancia: Entre 3 e 5 anos<\/p>\n<p>HABILIDADES<\/p>\n<ul>\n<li>Gest\u00e3o de estoque<\/li>\n<\/ul>\n<p>Escolaridade M\u00ednima: Ensino Superior<\/p>\n<p>Forma\u00e7\u00e3o desejada:<\/p>\n<ul>\n<li>Economia, Ensino Superior<\/li>\n<li>Administra\u00e7\u00e3o de empresas, Ensino Superior<\/li>\n<li>Log\u00edstica, Ensino Superior<\/li>\n<\/ul>\n<ul>\n<li>Gympass<\/li>\n<li>Day Off<\/li>\n<li>Vale Alimenta\u00e7\u00e3o e\/ou Refei\u00e7\u00e3o<\/li>\n<li>Assist\u00eancia Odontol\u00f3gica<\/li>\n<li>Vale Transporte<\/li>\n<li>Assist\u00eancia M\u00e9dica<\/li>\n<li>Seguro de Vida<\/li>\n<\/ul>\n","protected":false},"excerpt":{"rendered":"<p>Responsabilidades e Atribui\u00e7\u00f5es: MISS\u00c3O DO CARGO: Desenvolver e implementar pol\u00edticas e procedimentos no que diz respeito a Log\u00edstica com o prop\u00f3sito de manter informa\u00e7\u00f5es acuradas e com base nas melhores pr\u00e1ticas da companhia. Identificar qualquer defici\u00eancia e inefici\u00eancia nos processos e apresentar poss\u00edveis a\u00e7\u00f5es corretivas. ATIVIDADES: Respons\u00e1vel por todo planejamento, execu\u00e7\u00e3o e ajustes de invent\u00e1rios [&hellip;]<\/p>\n","protected":false},"author":1,"featured_media":0,"comment_status":"open","ping_status":"open","sticky":false,"template":"","format":"standard","meta":{"footnotes":""},"categories":[21],"tags":[],"class_list":["post-4148","post","type-post","status-publish","format-standard","hentry","category-rio-de-janeiro-rj"],"_links":{"self":[{"href":"https:\/\/vagas.portalemprego.com.br\/index.php?rest_route=\/wp\/v2\/posts\/4148","targetHints":{"allow":["GET"]}}],"collection":[{"href":"https:\/\/vagas.portalemprego.com.br\/index.php?rest_route=\/wp\/v2\/posts"}],"about":[{"href":"https:\/\/vagas.portalemprego.com.br\/index.php?rest_route=\/wp\/v2\/types\/post"}],"author":[{"embeddable":true,"href":"https:\/\/vagas.portalemprego.com.br\/index.php?rest_route=\/wp\/v2\/users\/1"}],"replies":[{"embeddable":true,"href":"https:\/\/vagas.portalemprego.com.br\/index.php?rest_route=%2Fwp%2Fv2%2Fcomments&post=4148"}],"version-history":[{"count":0,"href":"https:\/\/vagas.portalemprego.com.br\/index.php?rest_route=\/wp\/v2\/posts\/4148\/revisions"}],"wp:attachment":[{"href":"https:\/\/vagas.portalemprego.com.br\/index.php?rest_route=%2Fwp%2Fv2%2Fmedia&parent=4148"}],"wp:term":[{"taxonomy":"category","embeddable":true,"href":"https:\/\/vagas.portalemprego.com.br\/index.php?rest_route=%2Fwp%2Fv2%2Fcategories&post=4148"},{"taxonomy":"post_tag","embeddable":true,"href":"https:\/\/vagas.portalemprego.com.br\/index.php?rest_route=%2Fwp%2Fv2%2Ftags&post=4148"}],"curies":[{"name":"wp","href":"https:\/\/api.w.org\/{rel}","templated":true}]}}