{"id":4149,"date":"2026-04-29T06:22:22","date_gmt":"2026-04-29T09:22:22","guid":{"rendered":"https:\/\/vagas.portalemprego.com.br\/?p=4149"},"modified":"2026-04-29T06:22:22","modified_gmt":"2026-04-29T09:22:22","slug":"promotor-de-vendas-rj-comercial-vendas-rio-de-janeiro","status":"publish","type":"post","link":"https:\/\/vagas.portalemprego.com.br\/?p=4149","title":{"rendered":"Promotor de Vendas &#8211; RJ &#8211; Comercial, Vendas &#8211; Rio de Janeiro"},"content":{"rendered":"<p>Principais Responsabilidades:<br \/>\nAbastecimento e reposi\u00e7\u00e3o de produtos nas g\u00f4ndolas;<br \/>\nOrganiza\u00e7\u00e3o e padroniza\u00e7\u00e3o do layout, conforme orienta\u00e7\u00f5es do Marketing;<br \/>\nVerifica\u00e7\u00e3o de estoque, identifica\u00e7\u00e3o de rupturas e controle de validade dos produtos;<br \/>\nGarantia de boa exposi\u00e7\u00e3o e visibilidade no ponto de venda;<br \/>\nApoio ao sell-out e relacionamento com a equipe da loja;<br \/>\nRegistro e reporte de informa\u00e7\u00f5es b\u00e1sicas (estoque, giro, concorr\u00eancia e oportunidades);<br \/>\nCumprimento de visita \u00e0s lojas, conforme o roteiro definido.<br \/>\nRequisitos:<br \/>\nExperi\u00eancia comprovada como Promotor(a) ou Repositor(a) de Mercadorias;<br \/>\nViv\u00eancia com abastecimento em supermercados \/ varejo;<br \/>\nBoa comunica\u00e7\u00e3o e organiza\u00e7\u00e3o;<br \/>\nFacilidade para trabalho externo e cumprimento de roteiro de visitas;<br \/>\nNecess\u00e1rio possuir CNPJ ativo.<br \/>\nDiferenciais:<br \/>\nExperi\u00eancia com aplicativos de coleta de informa\u00e7\u00f5es em campo;<br \/>\nConhecimento em layoutiza\u00e7\u00e3o e estrat\u00e9gias de exposi\u00e7\u00e3o de produtos.<br \/>\nSal\u00e1rio: a combinar \/ informar pretens\u00e3o<\/p>\n<ul>\n<li>Local de trabalho: Rio de Janeiro, RJ<\/li>\n<li>Regime de contrata\u00e7\u00e3o de tipo: Prestador de Servi\u00e7os (PJ)<\/li>\n<li>Jornada: Per\u00edodo Integral<\/li>\n<li>\u00c1rea e especializa\u00e7\u00e3o profissional: Comercial, Vendas &#8211; Demonstrador \/ Promotor<\/li>\n<li>N\u00edvel hier\u00e1rquico: Assistente<\/li>\n<\/ul>\n<p>Escolaridade M\u00ednima: Ensino M\u00e9dio (2\u00ba Grau)<\/p>\n","protected":false},"excerpt":{"rendered":"<p>Principais Responsabilidades: Abastecimento e reposi\u00e7\u00e3o de produtos nas g\u00f4ndolas; Organiza\u00e7\u00e3o e padroniza\u00e7\u00e3o do layout, conforme orienta\u00e7\u00f5es do Marketing; Verifica\u00e7\u00e3o de estoque, identifica\u00e7\u00e3o de rupturas e controle de validade dos produtos; Garantia de boa exposi\u00e7\u00e3o e visibilidade no ponto de venda; Apoio ao sell-out e relacionamento com a equipe da loja; Registro e reporte de informa\u00e7\u00f5es [&hellip;]<\/p>\n","protected":false},"author":1,"featured_media":0,"comment_status":"open","ping_status":"open","sticky":false,"template":"","format":"standard","meta":{"footnotes":""},"categories":[21],"tags":[],"class_list":["post-4149","post","type-post","status-publish","format-standard","hentry","category-rio-de-janeiro-rj"],"_links":{"self":[{"href":"https:\/\/vagas.portalemprego.com.br\/index.php?rest_route=\/wp\/v2\/posts\/4149","targetHints":{"allow":["GET"]}}],"collection":[{"href":"https:\/\/vagas.portalemprego.com.br\/index.php?rest_route=\/wp\/v2\/posts"}],"about":[{"href":"https:\/\/vagas.portalemprego.com.br\/index.php?rest_route=\/wp\/v2\/types\/post"}],"author":[{"embeddable":true,"href":"https:\/\/vagas.portalemprego.com.br\/index.php?rest_route=\/wp\/v2\/users\/1"}],"replies":[{"embeddable":true,"href":"https:\/\/vagas.portalemprego.com.br\/index.php?rest_route=%2Fwp%2Fv2%2Fcomments&post=4149"}],"version-history":[{"count":0,"href":"https:\/\/vagas.portalemprego.com.br\/index.php?rest_route=\/wp\/v2\/posts\/4149\/revisions"}],"wp:attachment":[{"href":"https:\/\/vagas.portalemprego.com.br\/index.php?rest_route=%2Fwp%2Fv2%2Fmedia&parent=4149"}],"wp:term":[{"taxonomy":"category","embeddable":true,"href":"https:\/\/vagas.portalemprego.com.br\/index.php?rest_route=%2Fwp%2Fv2%2Fcategories&post=4149"},{"taxonomy":"post_tag","embeddable":true,"href":"https:\/\/vagas.portalemprego.com.br\/index.php?rest_route=%2Fwp%2Fv2%2Ftags&post=4149"}],"curies":[{"name":"wp","href":"https:\/\/api.w.org\/{rel}","templated":true}]}}