{"id":4150,"date":"2026-04-29T06:22:22","date_gmt":"2026-04-29T09:22:22","guid":{"rendered":"https:\/\/vagas.portalemprego.com.br\/?p=4150"},"modified":"2026-04-29T06:22:22","modified_gmt":"2026-04-29T09:22:22","slug":"corporativo-gerente-de-restaurante-rj-baixada-fluminense-e-sao-goncalo-alimentacao-gastronomia-sao-goncalo","status":"publish","type":"post","link":"https:\/\/vagas.portalemprego.com.br\/?p=4150","title":{"rendered":"Corporativo | Gerente de Restaurante &#8211; RJ (Baixada Fluminense e S\u00e3o Gon\u00e7alo)) &#8211; Alimenta\u00e7\u00e3o \/ Gastronomia &#8211; S\u00e3o Gon\u00e7alo"},"content":{"rendered":"<p>Tem vaga nova na \u00e1rea!<\/p>\n<p>Venha cadastrar seu perfil aqui com a gente.<\/p>\n<p>O que buscamos:<br \/>\nUm profissional capaz de garantir a sa\u00fade financeira de um conjunto de lojas, a organiza\u00e7\u00e3o dos setores, a gest\u00e3o de equipe e o cumprimento dos padr\u00f5es estabelecidos pela franqueadora, promovendo assim, a melhor experi\u00eancia de consumo aos nossos clientes e assegurando bons resultados ao neg\u00f3cio.<\/p>\n<p>Quais ser\u00e3o as suas fun\u00e7\u00f5es e atividades:<br \/>\n\u2022 Atingir os melhores resultados financeiros da loja por meio da elabora\u00e7\u00e3o e acompanhamento do plano de despesas, a fim de reduzir gastos e adequar a aloca\u00e7\u00e3o de recursos;<br \/>\n\u2022 Garantir que a coluna mestra proporcione uma excelente experi\u00eancia de consumo aos clientes por meio de um atendimento r\u00e1pido e cordial e, com bons produtos dentro dos padr\u00f5es estabelecidos pela Rede;<br \/>\n\u2022 Realizar a gest\u00e3o e o acompanhamento dos indicadores de resultado e desempenho da loja, buscando a\u00e7\u00f5es e solu\u00e7\u00f5es que visam o crescimento do TM de cada setor, impactando no aumento de faturamento;<br \/>\n\u2022 Acompanhar controle de estoque da loja, perdas e ganhos dos insumos, vendas qualificadas, visando o resultado final de CMV estabelecido pela Rede;<br \/>\n\u2022 Gerir o fluxo financeiro por meio da administra\u00e7\u00e3o do capital de giro e das contas a pagar, a fim de manter a sa\u00fade financeira da loja;<br \/>\n\u2022 Certificar que as compras estejam em quantidade correta e qualidade adequada, a fim de atender \u00e0 demanda da loja;<br \/>\n\u2022 Respons\u00e1vel pelo recrutamento e sele\u00e7\u00e3o da equipe dos setores cozinha e atendimento;<br \/>\n\u2022 Assegurar que os utens\u00edlios, equipamentos e sistemas utilizados estejam em quantidade correta e em bom estado de conserva\u00e7\u00e3o e funcionamento, providenciando a aquisi\u00e7\u00e3o, troca ou manuten\u00e7\u00e3o, sempre que necess\u00e1rio;<br \/>\n\u2022 Garantir a correta aplica\u00e7\u00e3o de recursos nas decis\u00f5es de investimento, a fim de promover melhorias e adequa\u00e7\u00f5es aos padr\u00f5es da franqueadora;<br \/>\n\u2022 Conhecer o card\u00e1pio, a composi\u00e7\u00e3o dos pratos, os acompanhamentos e as campanhas promocionais, buscando atualiza\u00e7\u00f5es constantes com a Rede e transmitindo os conhecimentos para a equipe de ger\u00eancia, a fim de garantir o padr\u00e3o de qualidade de atendimento ao cliente;<br \/>\n\u2022 Assegurar a limpeza e a organiza\u00e7\u00e3o da loja na abertura e fechamento, por meio da equipe de ger\u00eancia, de acordo com os padr\u00f5es estabelecidos;<br \/>\n\u2022 Responsabilizar-se pelas obriga\u00e7\u00f5es que lhe cabem em rela\u00e7\u00e3o ao Contrato de Franquia e ao Contrato Social, garantindo a conformidade legal da loja;<br \/>\n\u2022 Realizar a gest\u00e3o de pessoas da loja, recrutando e selecionando profissionais excelentes, planejando, acompanhando e realizando treinamentos, observando os aspectos motivacionais e do ambiente de trabalho, administrando conflitos, solucionando poss\u00edveis problemas e endere\u00e7ando melhorias, a fim de garantir a produtividade da equipe e contribui\u00e7\u00e3o com os resultados da loja;<br \/>\n\u2022 Atuar para que os materiais de marketing estejam expostos na loja de maneira adequada e de acordo com as campanhas vigentes.<\/p>\n<p>Tamb\u00e9m seria legal se voc\u00ea tivesse:<br \/>\n\u2022 Ensino Superior Completo;<br \/>\n\u2022 Experi\u00eancia com an\u00e1lise de DRE e KPI\u2019s de vendas;<br \/>\n\u2022 Conhecimento em finan\u00e7as e contabilidade;<br \/>\n\u2022 Experi\u00eancia em gest\u00e3o de restaurantes,<\/p>\n<ul>\n<li>Local de trabalho: S\u00e3o Gon\u00e7alo, RJ<\/li>\n<li>Regime de contrata\u00e7\u00e3o de tipo: Prestador de Servi\u00e7os (PJ)<\/li>\n<li>Jornada: Per\u00edodo Integral<\/li>\n<li>\u00c1rea e especializa\u00e7\u00e3o profissional: Alimenta\u00e7\u00e3o \/ Gastronomia &#8211; Lanchonete, Fast Food, Cafeteria<\/li>\n<li>N\u00edvel hier\u00e1rquico: Analista<\/li>\n<\/ul>\n<p>VALORIZADO<\/p>\n<p>Tempo de experi\u00eancia: Entre 3 e 5 anos<\/p>\n<p>HABILIDADES<\/p>\n<ul>\n<li>fast food<\/li>\n<li>restaurantes<\/li>\n<li>gest\u00e3o de pessoas<\/li>\n<li>DRE<\/li>\n<\/ul>\n<p>Escolaridade M\u00ednima: Ensino Superior<\/p>\n<p>Habilita\u00e7\u00e3o para dirigir: B, A<\/p>\n<p>Ve\u00edculo pr\u00f3prio<\/p>\n<p>Disponibilidade para viajar<\/p>\n<ul>\n<li>Assist\u00eancia odontol\u00f3gica<\/li>\n<li>Assist\u00eancia m\u00e9dica<\/li>\n<\/ul>\n","protected":false},"excerpt":{"rendered":"<p>Tem vaga nova na \u00e1rea! Venha cadastrar seu perfil aqui com a gente. O que buscamos: Um profissional capaz de garantir a sa\u00fade financeira de um conjunto de lojas, a organiza\u00e7\u00e3o dos setores, a gest\u00e3o de equipe e o cumprimento dos padr\u00f5es estabelecidos pela franqueadora, promovendo assim, a melhor experi\u00eancia de consumo aos nossos clientes [&hellip;]<\/p>\n","protected":false},"author":1,"featured_media":0,"comment_status":"open","ping_status":"open","sticky":false,"template":"","format":"standard","meta":{"footnotes":""},"categories":[21],"tags":[],"class_list":["post-4150","post","type-post","status-publish","format-standard","hentry","category-rio-de-janeiro-rj"],"_links":{"self":[{"href":"https:\/\/vagas.portalemprego.com.br\/index.php?rest_route=\/wp\/v2\/posts\/4150","targetHints":{"allow":["GET"]}}],"collection":[{"href":"https:\/\/vagas.portalemprego.com.br\/index.php?rest_route=\/wp\/v2\/posts"}],"about":[{"href":"https:\/\/vagas.portalemprego.com.br\/index.php?rest_route=\/wp\/v2\/types\/post"}],"author":[{"embeddable":true,"href":"https:\/\/vagas.portalemprego.com.br\/index.php?rest_route=\/wp\/v2\/users\/1"}],"replies":[{"embeddable":true,"href":"https:\/\/vagas.portalemprego.com.br\/index.php?rest_route=%2Fwp%2Fv2%2Fcomments&post=4150"}],"version-history":[{"count":0,"href":"https:\/\/vagas.portalemprego.com.br\/index.php?rest_route=\/wp\/v2\/posts\/4150\/revisions"}],"wp:attachment":[{"href":"https:\/\/vagas.portalemprego.com.br\/index.php?rest_route=%2Fwp%2Fv2%2Fmedia&parent=4150"}],"wp:term":[{"taxonomy":"category","embeddable":true,"href":"https:\/\/vagas.portalemprego.com.br\/index.php?rest_route=%2Fwp%2Fv2%2Fcategories&post=4150"},{"taxonomy":"post_tag","embeddable":true,"href":"https:\/\/vagas.portalemprego.com.br\/index.php?rest_route=%2Fwp%2Fv2%2Ftags&post=4150"}],"curies":[{"name":"wp","href":"https:\/\/api.w.org\/{rel}","templated":true}]}}