{"id":4162,"date":"2026-04-29T06:22:22","date_gmt":"2026-04-29T09:22:22","guid":{"rendered":"https:\/\/vagas.portalemprego.com.br\/?p=4162"},"modified":"2026-04-29T06:22:22","modified_gmt":"2026-04-29T09:22:22","slug":"vendedor-comercial-vendas-rio-de-janeiro-10","status":"publish","type":"post","link":"https:\/\/vagas.portalemprego.com.br\/?p=4162","title":{"rendered":"Vendedor &#8211; Comercial, Vendas &#8211; Rio de Janeiro"},"content":{"rendered":"<p>?? *Principais Responsabilidades:*<br \/>\n? Realizar Abertura e fechamento da loja;<br \/>\n? Atendimento ao cliente presencialmente na loja, por telefone e via WhatsApp;<br \/>\n? Venda de filtros e purificadores de \u00e1gua, entendendo a necessidade de cada cliente;<br \/>\n? Esclarecimento de d\u00favidas sobre produtos, planos de manuten\u00e7\u00e3o e servi\u00e7os;<br \/>\n? Controle de estoque e recebimento de mercadorias;<br \/>\n? Organiza\u00e7\u00e3o e limpeza da loja;<\/p>\n<p>?? *Requisitos:*<br \/>\n? Ensino M\u00e9dio Completo;<br \/>\n? Familiaridade com uso de ferramentas como Whatsapp, computador para cadastro e consulta de clientes, etc;<br \/>\n? Experi\u00eancia com atendimento ao p\u00fablico;<br \/>\n? Facilidade para trabalhar em equipe e boa comunica\u00e7\u00e3o;<br \/>\n? Disponibilidade para trabalhar finais de semana (s\u00e1bados).<\/p>\n<p>?? *Hor\u00e1rio:* Segunda a Sexta \u2013 09:00h \u00e0s 18:30 e S\u00e1bado \u2013 09:00h \u00e0s 14:00h<br \/>\n?? *Local:* Copacabana\/RJ<br \/>\n?? *Remunera\u00e7\u00e3o: R$ 1.800,00<br \/>\n?? *Benef\u00edcios:* VR (R$ 19,00por dia trabalhado) + comiss\u00e3o vari\u00e1vel (podendo chegar at\u00e9 R$ 1.000,00) + VT.<\/p>\n<ul>\n<li>Local de trabalho: Rio de Janeiro, RJ<\/li>\n<li>Regime de contrata\u00e7\u00e3o de tipo: Efetivo \u2013 CLT<\/li>\n<li>Jornada: Per\u00edodo Integral<\/li>\n<li>\u00c1rea e especializa\u00e7\u00e3o profissional: Comercial, Vendas &#8211; Atendimento<\/li>\n<li>N\u00edvel hier\u00e1rquico: Operacional<\/li>\n<\/ul>\n<p>VALORIZADO<\/p>\n<p>Tempo de experi\u00eancia: Entre 1 e 3 anos<\/p>\n<p>Escolaridade M\u00ednima: Ensino M\u00e9dio (2\u00ba Grau)<\/p>\n<p>Sal\u00e1rio: 1800,0<\/p>\n","protected":false},"excerpt":{"rendered":"<p>?? *Principais Responsabilidades:* ? Realizar Abertura e fechamento da loja; ? Atendimento ao cliente presencialmente na loja, por telefone e via WhatsApp; ? Venda de filtros e purificadores de \u00e1gua, entendendo a necessidade de cada cliente; ? Esclarecimento de d\u00favidas sobre produtos, planos de manuten\u00e7\u00e3o e servi\u00e7os; ? Controle de estoque e recebimento de mercadorias; [&hellip;]<\/p>\n","protected":false},"author":1,"featured_media":0,"comment_status":"open","ping_status":"open","sticky":false,"template":"","format":"standard","meta":{"footnotes":""},"categories":[21],"tags":[],"class_list":["post-4162","post","type-post","status-publish","format-standard","hentry","category-rio-de-janeiro-rj"],"_links":{"self":[{"href":"https:\/\/vagas.portalemprego.com.br\/index.php?rest_route=\/wp\/v2\/posts\/4162","targetHints":{"allow":["GET"]}}],"collection":[{"href":"https:\/\/vagas.portalemprego.com.br\/index.php?rest_route=\/wp\/v2\/posts"}],"about":[{"href":"https:\/\/vagas.portalemprego.com.br\/index.php?rest_route=\/wp\/v2\/types\/post"}],"author":[{"embeddable":true,"href":"https:\/\/vagas.portalemprego.com.br\/index.php?rest_route=\/wp\/v2\/users\/1"}],"replies":[{"embeddable":true,"href":"https:\/\/vagas.portalemprego.com.br\/index.php?rest_route=%2Fwp%2Fv2%2Fcomments&post=4162"}],"version-history":[{"count":0,"href":"https:\/\/vagas.portalemprego.com.br\/index.php?rest_route=\/wp\/v2\/posts\/4162\/revisions"}],"wp:attachment":[{"href":"https:\/\/vagas.portalemprego.com.br\/index.php?rest_route=%2Fwp%2Fv2%2Fmedia&parent=4162"}],"wp:term":[{"taxonomy":"category","embeddable":true,"href":"https:\/\/vagas.portalemprego.com.br\/index.php?rest_route=%2Fwp%2Fv2%2Fcategories&post=4162"},{"taxonomy":"post_tag","embeddable":true,"href":"https:\/\/vagas.portalemprego.com.br\/index.php?rest_route=%2Fwp%2Fv2%2Ftags&post=4162"}],"curies":[{"name":"wp","href":"https:\/\/api.w.org\/{rel}","templated":true}]}}