{"id":4163,"date":"2026-04-29T06:22:22","date_gmt":"2026-04-29T09:22:22","guid":{"rendered":"https:\/\/vagas.portalemprego.com.br\/?p=4163"},"modified":"2026-04-29T06:22:22","modified_gmt":"2026-04-29T09:22:22","slug":"operador-de-caixa-pcd-comercial-vendas-rio-de-janeiro","status":"publish","type":"post","link":"https:\/\/vagas.portalemprego.com.br\/?p=4163","title":{"rendered":"Operador de Caixa &#8211; PCD &#8211; Comercial, Vendas &#8211; Rio de Janeiro"},"content":{"rendered":"<p>N\u00e3o necessita de experi\u00eancia!<\/p>\n<p>?? Vaga exclusiva para PcD<br \/>\n?? Local: Jacarepagu\u00e1 \u2013 RJ<br \/>\n?? Cargo: Operador(a) de Caixa &#8211; PCD<br \/>\n?? Sal\u00e1rio: R$ 1.798,00<br \/>\n?? Hor\u00e1rio e escala:<br \/>\n\u2022 Escala 6&#215;1 \u2013 hor\u00e1rio diurno (07:20)<br \/>\n\u2022 Ou escala espanhola \u2013 fechamento (12:30 \u00e0s 21:30)<br \/>\nRequisitos:<br \/>\n\u2022 Ensino m\u00e9dio completo<br \/>\n\u2022 Laudo m\u00e9dico da defici\u00eancia<br \/>\n\u2022 Experi\u00eancia na \u00e1rea<br \/>\n?? Benef\u00edcios:<br \/>\n\u2022 Plano de Sa\u00fade;<br \/>\n\u2022 Plano Odontol\u00f3gico;<br \/>\n\u2022 Refei\u00e7\u00e3o no local;<br \/>\n\u2022 Cesta B\u00e1sica;<br \/>\n\u2022 Seguro de Vida;<br \/>\n\u2022 Ajuda assistencial;<br \/>\n\u2022 Conv\u00eanio SESC;<br \/>\n\u2022 Conv\u00eanio com faculdade.<br \/>\n?? Para participar: envie seu curr\u00edculo junto com o laudo m\u00e9dico para 21 97993-6699<\/p>\n<ul>\n<li>Local de trabalho: Rio de Janeiro, RJ<\/li>\n<li>Regime de contrata\u00e7\u00e3o de tipo: Efetivo \u2013 CLT<\/li>\n<li>Jornada: Per\u00edodo Integral<\/li>\n<li>\u00c1rea e especializa\u00e7\u00e3o profissional: Comercial, Vendas &#8211; Lojas \/ Shopping<\/li>\n<li>N\u00edvel hier\u00e1rquico: Operacional<\/li>\n<\/ul>\n<p>VALORIZADO<\/p>\n<p>Tempo de experi\u00eancia: Sem experi\u00eancia<\/p>\n<p>Escolaridade M\u00ednima: Ensino M\u00e9dio (2\u00ba Grau)<\/p>\n<ul>\n<li>Restaurante no Local<\/li>\n<li>Suporte Assistencial<\/li>\n<li>Pr\u00eamio Progresso: conforme pol\u00edtica interna;<\/li>\n<li>Assist\u00eancia m\u00e9dica<\/li>\n<li>Assist\u00eancia Odontol\u00f3gica<\/li>\n<li>Seguro de Vida<\/li>\n<li>Vale Transporte<\/li>\n<li>Cesta de Natal<\/li>\n<li>Licen\u00e7a &#8211; maternidade e paternidade estendidas<\/li>\n<li>RVVP: Remunera\u00e7\u00e3o Vari\u00e1vel de Venda e Produtividade<\/li>\n<li>Cesta B\u00e1sica Mensal<\/li>\n<li>Gympass<\/li>\n<\/ul>\n<p>Sal\u00e1rio: 1798,0<\/p>\n","protected":false},"excerpt":{"rendered":"<p>N\u00e3o necessita de experi\u00eancia! ?? Vaga exclusiva para PcD ?? Local: Jacarepagu\u00e1 \u2013 RJ ?? Cargo: Operador(a) de Caixa &#8211; PCD ?? Sal\u00e1rio: R$ 1.798,00 ?? Hor\u00e1rio e escala: \u2022 Escala 6&#215;1 \u2013 hor\u00e1rio diurno (07:20) \u2022 Ou escala espanhola \u2013 fechamento (12:30 \u00e0s 21:30) Requisitos: \u2022 Ensino m\u00e9dio completo \u2022 Laudo m\u00e9dico da defici\u00eancia [&hellip;]<\/p>\n","protected":false},"author":1,"featured_media":0,"comment_status":"open","ping_status":"open","sticky":false,"template":"","format":"standard","meta":{"footnotes":""},"categories":[21],"tags":[],"class_list":["post-4163","post","type-post","status-publish","format-standard","hentry","category-rio-de-janeiro-rj"],"_links":{"self":[{"href":"https:\/\/vagas.portalemprego.com.br\/index.php?rest_route=\/wp\/v2\/posts\/4163","targetHints":{"allow":["GET"]}}],"collection":[{"href":"https:\/\/vagas.portalemprego.com.br\/index.php?rest_route=\/wp\/v2\/posts"}],"about":[{"href":"https:\/\/vagas.portalemprego.com.br\/index.php?rest_route=\/wp\/v2\/types\/post"}],"author":[{"embeddable":true,"href":"https:\/\/vagas.portalemprego.com.br\/index.php?rest_route=\/wp\/v2\/users\/1"}],"replies":[{"embeddable":true,"href":"https:\/\/vagas.portalemprego.com.br\/index.php?rest_route=%2Fwp%2Fv2%2Fcomments&post=4163"}],"version-history":[{"count":0,"href":"https:\/\/vagas.portalemprego.com.br\/index.php?rest_route=\/wp\/v2\/posts\/4163\/revisions"}],"wp:attachment":[{"href":"https:\/\/vagas.portalemprego.com.br\/index.php?rest_route=%2Fwp%2Fv2%2Fmedia&parent=4163"}],"wp:term":[{"taxonomy":"category","embeddable":true,"href":"https:\/\/vagas.portalemprego.com.br\/index.php?rest_route=%2Fwp%2Fv2%2Fcategories&post=4163"},{"taxonomy":"post_tag","embeddable":true,"href":"https:\/\/vagas.portalemprego.com.br\/index.php?rest_route=%2Fwp%2Fv2%2Ftags&post=4163"}],"curies":[{"name":"wp","href":"https:\/\/api.w.org\/{rel}","templated":true}]}}