{"id":4166,"date":"2026-04-29T06:22:22","date_gmt":"2026-04-29T09:22:22","guid":{"rendered":"https:\/\/vagas.portalemprego.com.br\/?p=4166"},"modified":"2026-04-29T06:22:22","modified_gmt":"2026-04-29T09:22:22","slug":"motorista-entregador-porto-real-rj-logistica-porto-real","status":"publish","type":"post","link":"https:\/\/vagas.portalemprego.com.br\/?p=4166","title":{"rendered":"Motorista Entregador  &#8211; Porto Real &#8211; RJ &#8211; Log\u00edstica &#8211; Porto Real"},"content":{"rendered":"<p>Na\u00a0Coca-Cola\u00a0FEMSA,\u00a0trabalhamos\u00a0para\u00a0promover\u00a0igualdade\u00a0de\u00a0oportunidades\u00a0para\u00a0todas\u00a0as\u00a0pessoas.\u00a0Buscamos\u00a0talentos\u00a0diversos\u00a0(mulheres,\u00a0pessoas\u00a0negras,\u00a0LGBTQIA+,\u00a0pessoas\u00a0com\u00a0defici\u00eancia,\u00a0de\u00a0diferentes\u00a0idades\u00a0e\u00a0nacionalidade)\u00a0e\u00a0todas\u00a0as\u00a0nossas\u00a0vagas\u00a0respeitam\u00a0esse\u00a0compromisso.<\/p>\n<p>RESPONSABILIDADES<br \/>\nEfetuar\u00a0a\u00a0separa\u00e7\u00e3o\u00a0dos\u00a0produtos\u00a0no\u00a0armaz\u00e9m\u00a0para\u00a0montagem\u00a0da\u00a0carga.<br \/>\nRealizar\u00a0movimenta\u00e7\u00e3o\u00a0de\u00a0produtos,\u00a0vasilhames\u00a0e\u00a0materiais\u00a0retornados.<br \/>\nAcondicionar\u00a0produtos\u00a0nas\u00a0quantidades\u00a0determinadas.<br \/>\nGarantir\u00a0a\u00a0seguran\u00e7a\u00a0do\u00a0transporte\u00a0e\u00a0integridade\u00a0das\u00a0mercadorias.<br \/>\nSegregar\u00a0os\u00a0produtos\u00a0e\u00a0materiais\u00a0n\u00e3o\u00a0conformes\u00a0e\u00a0disponibiliz\u00e1-los\u00a0para\u00a0a\u00a0\u00e1rea\u00a0de\u00a0descarte.<br \/>\nManter\u00a0limpo\u00a0e\u00a0organizado\u00a0o\u00a0local\u00a0de\u00a0trabalho.<\/p>\n<p>REQUISITOS<br \/>\nEnsino\u00a0Fundamental\u00a0Completo<br \/>\nResidir\u00a0Pr\u00f3ximo\u00a0a\u00a0Porto\u00a0Real\u00a0&#8211;\u00a0RJ<br \/>\nDisponibilidade\u00a0para\u00a0trabalhar\u00a0de\u00a0Segunda\u00a0a\u00a0S\u00e1bado\u00a0com\u00a0Flexibilidade\u00a0de\u00a0hor\u00e1rio.<br \/>\nCNH\u00a0C,\u00a0D\u00a0ou\u00a0E\u00a0com\u00a0EAR\u00a0j\u00e1\u00a0Definitiva.<\/p>\n<p>Fa\u00e7a\u00a0parte\u00a0do\u00a0nosso\u00a0time!<\/p>\n<ul>\n<li>N\u00famero de vagas: 10<\/li>\n<li>Local de trabalho: Porto Real, RJ<\/li>\n<li>Regime de contrata\u00e7\u00e3o de tipo: Efetivo \u2013 CLT<\/li>\n<li>Jornada: Per\u00edodo Integral<\/li>\n<li>\u00c1rea e especializa\u00e7\u00e3o profissional: Log\u00edstica &#8211; Distribui\u00e7\u00e3o, Recebimento e Expedi\u00e7\u00e3o<\/li>\n<li>N\u00edvel hier\u00e1rquico: Operacional<\/li>\n<\/ul>\n<p>VALORIZADO<\/p>\n<p>Tempo de experi\u00eancia: Entre 3 e 5 anos<\/p>\n<p>Escolaridade M\u00ednima: Ensino M\u00e9dio (2\u00ba Grau)<\/p>\n<p>Habilita\u00e7\u00e3o para dirigir: E, D, C<\/p>\n<p>Sal\u00e1rio: 3139,0<\/p>\n","protected":false},"excerpt":{"rendered":"<p>Na\u00a0Coca-Cola\u00a0FEMSA,\u00a0trabalhamos\u00a0para\u00a0promover\u00a0igualdade\u00a0de\u00a0oportunidades\u00a0para\u00a0todas\u00a0as\u00a0pessoas.\u00a0Buscamos\u00a0talentos\u00a0diversos\u00a0(mulheres,\u00a0pessoas\u00a0negras,\u00a0LGBTQIA+,\u00a0pessoas\u00a0com\u00a0defici\u00eancia,\u00a0de\u00a0diferentes\u00a0idades\u00a0e\u00a0nacionalidade)\u00a0e\u00a0todas\u00a0as\u00a0nossas\u00a0vagas\u00a0respeitam\u00a0esse\u00a0compromisso. RESPONSABILIDADES Efetuar\u00a0a\u00a0separa\u00e7\u00e3o\u00a0dos\u00a0produtos\u00a0no\u00a0armaz\u00e9m\u00a0para\u00a0montagem\u00a0da\u00a0carga. Realizar\u00a0movimenta\u00e7\u00e3o\u00a0de\u00a0produtos,\u00a0vasilhames\u00a0e\u00a0materiais\u00a0retornados. Acondicionar\u00a0produtos\u00a0nas\u00a0quantidades\u00a0determinadas. Garantir\u00a0a\u00a0seguran\u00e7a\u00a0do\u00a0transporte\u00a0e\u00a0integridade\u00a0das\u00a0mercadorias. Segregar\u00a0os\u00a0produtos\u00a0e\u00a0materiais\u00a0n\u00e3o\u00a0conformes\u00a0e\u00a0disponibiliz\u00e1-los\u00a0para\u00a0a\u00a0\u00e1rea\u00a0de\u00a0descarte. Manter\u00a0limpo\u00a0e\u00a0organizado\u00a0o\u00a0local\u00a0de\u00a0trabalho. REQUISITOS Ensino\u00a0Fundamental\u00a0Completo Residir\u00a0Pr\u00f3ximo\u00a0a\u00a0Porto\u00a0Real\u00a0&#8211;\u00a0RJ Disponibilidade\u00a0para\u00a0trabalhar\u00a0de\u00a0Segunda\u00a0a\u00a0S\u00e1bado\u00a0com\u00a0Flexibilidade\u00a0de\u00a0hor\u00e1rio. CNH\u00a0C,\u00a0D\u00a0ou\u00a0E\u00a0com\u00a0EAR\u00a0j\u00e1\u00a0Definitiva. Fa\u00e7a\u00a0parte\u00a0do\u00a0nosso\u00a0time! N\u00famero de vagas: 10 Local de trabalho: Porto Real, RJ Regime de contrata\u00e7\u00e3o de tipo: Efetivo \u2013 CLT Jornada: Per\u00edodo Integral \u00c1rea e especializa\u00e7\u00e3o profissional: Log\u00edstica &#8211; Distribui\u00e7\u00e3o, Recebimento e Expedi\u00e7\u00e3o N\u00edvel hier\u00e1rquico: Operacional VALORIZADO Tempo de experi\u00eancia: Entre 3 e [&hellip;]<\/p>\n","protected":false},"author":1,"featured_media":0,"comment_status":"open","ping_status":"open","sticky":false,"template":"","format":"standard","meta":{"footnotes":""},"categories":[21],"tags":[],"class_list":["post-4166","post","type-post","status-publish","format-standard","hentry","category-rio-de-janeiro-rj"],"_links":{"self":[{"href":"https:\/\/vagas.portalemprego.com.br\/index.php?rest_route=\/wp\/v2\/posts\/4166","targetHints":{"allow":["GET"]}}],"collection":[{"href":"https:\/\/vagas.portalemprego.com.br\/index.php?rest_route=\/wp\/v2\/posts"}],"about":[{"href":"https:\/\/vagas.portalemprego.com.br\/index.php?rest_route=\/wp\/v2\/types\/post"}],"author":[{"embeddable":true,"href":"https:\/\/vagas.portalemprego.com.br\/index.php?rest_route=\/wp\/v2\/users\/1"}],"replies":[{"embeddable":true,"href":"https:\/\/vagas.portalemprego.com.br\/index.php?rest_route=%2Fwp%2Fv2%2Fcomments&post=4166"}],"version-history":[{"count":0,"href":"https:\/\/vagas.portalemprego.com.br\/index.php?rest_route=\/wp\/v2\/posts\/4166\/revisions"}],"wp:attachment":[{"href":"https:\/\/vagas.portalemprego.com.br\/index.php?rest_route=%2Fwp%2Fv2%2Fmedia&parent=4166"}],"wp:term":[{"taxonomy":"category","embeddable":true,"href":"https:\/\/vagas.portalemprego.com.br\/index.php?rest_route=%2Fwp%2Fv2%2Fcategories&post=4166"},{"taxonomy":"post_tag","embeddable":true,"href":"https:\/\/vagas.portalemprego.com.br\/index.php?rest_route=%2Fwp%2Fv2%2Ftags&post=4166"}],"curies":[{"name":"wp","href":"https:\/\/api.w.org\/{rel}","templated":true}]}}