{"id":4168,"date":"2026-04-29T06:22:22","date_gmt":"2026-04-29T09:22:22","guid":{"rendered":"https:\/\/vagas.portalemprego.com.br\/?p=4168"},"modified":"2026-04-29T06:22:22","modified_gmt":"2026-04-29T09:22:22","slug":"auxiliar-de-cozinha-alimentacao-gastronomia-rio-de-janeiro-23","status":"publish","type":"post","link":"https:\/\/vagas.portalemprego.com.br\/?p=4168","title":{"rendered":"Auxiliar de cozinha &#8211; Alimenta\u00e7\u00e3o \/ Gastronomia &#8211; Rio de Janeiro"},"content":{"rendered":"<p>Introdu\u00e7\u00e3o:Estamos buscando um Auxiliar de cozinha para se juntar \u00e0 equipe da ARO CONTABIL LTDA. Esta \u00e9 uma oportunidade para quem deseja trabalhar em um ambiente din\u00e2mico e colaborativo, contribuindo para o bom funcionamento da cozinha.<br \/>\nFun\u00e7\u00f5es:<br \/>\nApoiar na prepara\u00e7\u00e3o e organiza\u00e7\u00e3o de alimentos;<br \/>\nAuxiliar na limpeza e organiza\u00e7\u00e3o da \u00e1rea de cozinha;<br \/>\nColaborar com o chef de cozinha nas atividades di\u00e1rias;<br \/>\nManter os padr\u00f5es de higiene e seguran\u00e7a alimentar.<\/p>\n<p>Requisitos:<br \/>\nExperi\u00eancia anterior em cozinha, mesmo que em n\u00edvel b\u00e1sico;<br \/>\nConhecimentos b\u00e1sicos de higiene e seguran\u00e7a alimentar;<br \/>\nCapacidade de trabalhar em equipe e em um ambiente de ritmo acelerado;<br \/>\nAtitude positiva e proativa.<\/p>\n<p>Benef\u00edcios:<br \/>\nHor\u00e1rio comercial e possibilidade de crescimento profissional;<br \/>\nAmbiente de trabalho acolhedor e colaborativo;<br \/>\nVoc\u00ea ter\u00e1 acesso a treinamentos e desenvolvimento profissional.<\/p>\n<p>Esta oportunidade \u00e9 presencial e localizada na sede da ARO CONTABIL LTDA. Junte-se a n\u00f3s e contribua para o sucesso da nossa equipe!<\/p>\n<ul>\n<li>Local de trabalho: Rio de Janeiro, RJ<\/li>\n<li>Regime de contrata\u00e7\u00e3o de tipo: Efetivo \u2013 CLT<\/li>\n<li>Jornada: Per\u00edodo Integral<\/li>\n<li>\u00c1rea e especializa\u00e7\u00e3o profissional: Alimenta\u00e7\u00e3o \/ Gastronomia &#8211; Cozinha<\/li>\n<li>N\u00edvel hier\u00e1rquico: Auxiliar<\/li>\n<\/ul>\n<p>VALORIZADO<\/p>\n<p>Tempo de experi\u00eancia: Entre 1 e 3 anos<\/p>\n<p>Escolaridade M\u00ednima: Ensino Fundamental (1\u00ba grau)<\/p>\n<p>Sal\u00e1rio: 2100,0<\/p>\n","protected":false},"excerpt":{"rendered":"<p>Introdu\u00e7\u00e3o:Estamos buscando um Auxiliar de cozinha para se juntar \u00e0 equipe da ARO CONTABIL LTDA. Esta \u00e9 uma oportunidade para quem deseja trabalhar em um ambiente din\u00e2mico e colaborativo, contribuindo para o bom funcionamento da cozinha. Fun\u00e7\u00f5es: Apoiar na prepara\u00e7\u00e3o e organiza\u00e7\u00e3o de alimentos; Auxiliar na limpeza e organiza\u00e7\u00e3o da \u00e1rea de cozinha; Colaborar com [&hellip;]<\/p>\n","protected":false},"author":1,"featured_media":0,"comment_status":"open","ping_status":"open","sticky":false,"template":"","format":"standard","meta":{"footnotes":""},"categories":[21],"tags":[],"class_list":["post-4168","post","type-post","status-publish","format-standard","hentry","category-rio-de-janeiro-rj"],"_links":{"self":[{"href":"https:\/\/vagas.portalemprego.com.br\/index.php?rest_route=\/wp\/v2\/posts\/4168","targetHints":{"allow":["GET"]}}],"collection":[{"href":"https:\/\/vagas.portalemprego.com.br\/index.php?rest_route=\/wp\/v2\/posts"}],"about":[{"href":"https:\/\/vagas.portalemprego.com.br\/index.php?rest_route=\/wp\/v2\/types\/post"}],"author":[{"embeddable":true,"href":"https:\/\/vagas.portalemprego.com.br\/index.php?rest_route=\/wp\/v2\/users\/1"}],"replies":[{"embeddable":true,"href":"https:\/\/vagas.portalemprego.com.br\/index.php?rest_route=%2Fwp%2Fv2%2Fcomments&post=4168"}],"version-history":[{"count":0,"href":"https:\/\/vagas.portalemprego.com.br\/index.php?rest_route=\/wp\/v2\/posts\/4168\/revisions"}],"wp:attachment":[{"href":"https:\/\/vagas.portalemprego.com.br\/index.php?rest_route=%2Fwp%2Fv2%2Fmedia&parent=4168"}],"wp:term":[{"taxonomy":"category","embeddable":true,"href":"https:\/\/vagas.portalemprego.com.br\/index.php?rest_route=%2Fwp%2Fv2%2Fcategories&post=4168"},{"taxonomy":"post_tag","embeddable":true,"href":"https:\/\/vagas.portalemprego.com.br\/index.php?rest_route=%2Fwp%2Fv2%2Ftags&post=4168"}],"curies":[{"name":"wp","href":"https:\/\/api.w.org\/{rel}","templated":true}]}}