{"id":4169,"date":"2026-04-29T06:23:23","date_gmt":"2026-04-29T09:23:23","guid":{"rendered":"https:\/\/vagas.portalemprego.com.br\/?p=4169"},"modified":"2026-04-29T06:23:23","modified_gmt":"2026-04-29T09:23:23","slug":"banco-de-talentos-quem-disse-berenice-zona-norte-rj-comercial-vendas-rio-de-janeiro","status":"publish","type":"post","link":"https:\/\/vagas.portalemprego.com.br\/?p=4169","title":{"rendered":"Banco de Talentos &#8211; Quem Disse, Berenice? &#8211; Zona Norte (RJ) &#8211; Comercial, Vendas &#8211; Rio de Janeiro"},"content":{"rendered":"<p>A Sfera Multifranquias est\u00e1 em busca de um(a) Consultor(a) de Vendas para atuar na marca Quem Disse, Berenice?, refer\u00eancia em maquiagem e cosm\u00e9ticos que valorizam a diversidade, a autoestima e a liberdade de express\u00e3o.<br \/>\nProcuramos pessoas apaixonadas por beleza, maquiagem e atendimento ao cliente, com perfil consultivo, energia para vendas e vontade de crescer no varejo.<br \/>\nPrincipais responsabilidades:<br \/>\nRealizar a venda de produtos da marca Quem Disse, Berenice?, com foco em maquiagem e cosm\u00e9ticos;<br \/>\nDemonstrar, testar e aplicar produtos, auxiliando o cliente na escolha ideal;<br \/>\nAtender e orientar clientes sobre caracter\u00edsticas, benef\u00edcios e formas de uso dos produtos;<br \/>\nGarantir a organiza\u00e7\u00e3o, exposi\u00e7\u00e3o e reposi\u00e7\u00e3o dos produtos na loja;<br \/>\nExecutar rotinas de caixa, incluindo recebimentos, trocas e finaliza\u00e7\u00e3o de vendas;<br \/>\nDesenvolver relacionamento com os clientes e realizar a\u00e7\u00f5es de p\u00f3s-venda;<br \/>\nContribuir para a organiza\u00e7\u00e3o do espa\u00e7o de vendas e aplica\u00e7\u00e3o de t\u00e9cnicas de visual merchandising.<br \/>\nRequisitos:<br \/>\nEnsino M\u00e9dio completo;<br \/>\nDesej\u00e1vel experi\u00eancia anterior com vendas no varejo;<br \/>\nConhecimento em maquiagem e produtos de beleza ser\u00e1 considerado um diferencial;<br \/>\nBoa comunica\u00e7\u00e3o, simpatia e postura consultiva;<br \/>\nDisponibilidade para atuar em hor\u00e1rio de shopping, incluindo finais de semana e feriados.<br \/>\nSe voc\u00ea gosta de vender, se conectar com pessoas e acredita no poder da maquiagem como forma de express\u00e3o, essa oportunidade \u00e9 para voc\u00ea.<br \/>\nA Sfera Multifranquias valoriza a diversidade e acredita no potencial \u00fanico de cada pessoa. Todas as candidaturas s\u00e3o bem-vindas.<\/p>\n<ul>\n<li>N\u00famero de vagas: 10<\/li>\n<li>Local de trabalho: Rio de Janeiro, RJ<\/li>\n<li>Regime de contrata\u00e7\u00e3o de tipo: Efetivo \u2013 CLT<\/li>\n<li>Jornada: Per\u00edodo Integral<\/li>\n<li>\u00c1rea e especializa\u00e7\u00e3o profissional: Comercial, Vendas &#8211; Lojas \/ Shopping<\/li>\n<li>N\u00edvel hier\u00e1rquico: Operacional<\/li>\n<\/ul>\n<p>HABILIDADES<\/p>\n<ul>\n<li>Comunica\u00e7\u00e3o<\/li>\n<li>Organiza\u00e7\u00e3o<\/li>\n<li>Resili\u00eancia<\/li>\n<\/ul>\n<p>Escolaridade M\u00ednima: Ensino M\u00e9dio (2\u00ba Grau)<\/p>\n<ul>\n<li>Total Pass<\/li>\n<li>Vale Transporte<\/li>\n<li>Conv\u00eanio Sesc<\/li>\n<li>Desconto nas marcas<\/li>\n<li>Conv\u00eanio Faculdade<\/li>\n<\/ul>\n","protected":false},"excerpt":{"rendered":"<p>A Sfera Multifranquias est\u00e1 em busca de um(a) Consultor(a) de Vendas para atuar na marca Quem Disse, Berenice?, refer\u00eancia em maquiagem e cosm\u00e9ticos que valorizam a diversidade, a autoestima e a liberdade de express\u00e3o. Procuramos pessoas apaixonadas por beleza, maquiagem e atendimento ao cliente, com perfil consultivo, energia para vendas e vontade de crescer no [&hellip;]<\/p>\n","protected":false},"author":1,"featured_media":0,"comment_status":"open","ping_status":"open","sticky":false,"template":"","format":"standard","meta":{"footnotes":""},"categories":[21],"tags":[],"class_list":["post-4169","post","type-post","status-publish","format-standard","hentry","category-rio-de-janeiro-rj"],"_links":{"self":[{"href":"https:\/\/vagas.portalemprego.com.br\/index.php?rest_route=\/wp\/v2\/posts\/4169","targetHints":{"allow":["GET"]}}],"collection":[{"href":"https:\/\/vagas.portalemprego.com.br\/index.php?rest_route=\/wp\/v2\/posts"}],"about":[{"href":"https:\/\/vagas.portalemprego.com.br\/index.php?rest_route=\/wp\/v2\/types\/post"}],"author":[{"embeddable":true,"href":"https:\/\/vagas.portalemprego.com.br\/index.php?rest_route=\/wp\/v2\/users\/1"}],"replies":[{"embeddable":true,"href":"https:\/\/vagas.portalemprego.com.br\/index.php?rest_route=%2Fwp%2Fv2%2Fcomments&post=4169"}],"version-history":[{"count":0,"href":"https:\/\/vagas.portalemprego.com.br\/index.php?rest_route=\/wp\/v2\/posts\/4169\/revisions"}],"wp:attachment":[{"href":"https:\/\/vagas.portalemprego.com.br\/index.php?rest_route=%2Fwp%2Fv2%2Fmedia&parent=4169"}],"wp:term":[{"taxonomy":"category","embeddable":true,"href":"https:\/\/vagas.portalemprego.com.br\/index.php?rest_route=%2Fwp%2Fv2%2Fcategories&post=4169"},{"taxonomy":"post_tag","embeddable":true,"href":"https:\/\/vagas.portalemprego.com.br\/index.php?rest_route=%2Fwp%2Fv2%2Ftags&post=4169"}],"curies":[{"name":"wp","href":"https:\/\/api.w.org\/{rel}","templated":true}]}}