{"id":4171,"date":"2026-04-29T06:23:23","date_gmt":"2026-04-29T09:23:23","guid":{"rendered":"https:\/\/vagas.portalemprego.com.br\/?p=4171"},"modified":"2026-04-29T06:23:23","modified_gmt":"2026-04-29T09:23:23","slug":"gerente-comercial-nacional-comercial-vendas-rio-de-janeiro","status":"publish","type":"post","link":"https:\/\/vagas.portalemprego.com.br\/?p=4171","title":{"rendered":"Gerente Comercial Nacional &#8211; Comercial, Vendas &#8211; Rio de Janeiro"},"content":{"rendered":"<p>Atividades: Atuar de forma estrat\u00e9gica e operacional no desenvolvimento e expans\u00e3o comercial da editora em \u00e2mbito nacional, com foco na abertura de frentes de neg\u00f3cios, estrutura\u00e7\u00e3o da pol\u00edtica comercial e amplia\u00e7\u00e3o da presen\u00e7a da editora em livrarias, distribuidoras, institui\u00e7\u00f5es crist\u00e3s, semin\u00e1rios teol\u00f3gicos e demais canais do mercado editorial crist\u00e3o, garantindo crescimento sustent\u00e1vel, aumento de faturamento e fortalecimento institucional.<br \/>\nResponsabilidades: Desenvolvimento de Neg\u00f3cios e Expans\u00e3o Nacional, Atua\u00e7\u00e3o Comercial Ativa, Estrutura\u00e7\u00e3o de Politica Comercial, Forma\u00e7\u00e3o e Gest\u00e3o da Rede Comercial, Conhecimento do Mercado Editorial Crist\u00e3o, Integra\u00e7\u00e3o com Marketing e Editorial, Planejamento, Indicadores e Relat\u00f3rios.<\/p>\n<p>REQUISITOS T\u00c9CNICOS<br \/>\n&#8211; Experi\u00eancia comprovada em gest\u00e3o e atua\u00e7\u00e3o comercial no mercado editorial, preferencialmente crist\u00e3o;<br \/>\n&#8211; Viv\u00eancia pr\u00e1tica em negocia\u00e7\u00e3o com livrarias, distribuidoras e vendas institucionais;<br \/>\n&#8211; Conhecimento de pol\u00edticas comerciais editoriais;<br \/>\n&#8211; Experi\u00eancia na forma\u00e7\u00e3o e gest\u00e3o de equipes comerciais externas (PJ);<br \/>\n&#8211; Capacidade de atua\u00e7\u00e3o estrat\u00e9gica e operacional;<br \/>\n&#8211; Disponibilidade para viagens. <\/p>\n<p>SAL\u00c1RIO A COMBINAR + BONIFICA\u00c7\u00c3O POR DESEMPENHO<\/p>\n<ul>\n<li>Local de trabalho: Rio de Janeiro, RJ<\/li>\n<li>Regime de contrata\u00e7\u00e3o de tipo: Prestador de Servi\u00e7os (PJ)<\/li>\n<li>Jornada: Per\u00edodo Integral<\/li>\n<li>\u00c1rea e especializa\u00e7\u00e3o profissional: Comercial, Vendas &#8211; Representa\u00e7\u00e3o Comercial<\/li>\n<li>N\u00edvel hier\u00e1rquico: Gerente<\/li>\n<\/ul>\n<p>VALORIZADO<\/p>\n<p>Tempo de experi\u00eancia: Entre 1 e 3 anos<\/p>\n<p>HABILIDADES<\/p>\n<ul>\n<li>COMUNICA\u00c7\u00c3O<\/li>\n<li>FOCO EM RESULTADOS<\/li>\n<li>NEGOCIA\u00c7\u00c3O<\/li>\n<li>RELACIONAMENTO<\/li>\n<li>PROATIVIDADE<\/li>\n<li>AUTONOMIA<\/li>\n<li>ESTRAT\u00c9GICO<\/li>\n<\/ul>\n<p>Escolaridade M\u00ednima: Ensino Superior<\/p>\n","protected":false},"excerpt":{"rendered":"<p>Atividades: Atuar de forma estrat\u00e9gica e operacional no desenvolvimento e expans\u00e3o comercial da editora em \u00e2mbito nacional, com foco na abertura de frentes de neg\u00f3cios, estrutura\u00e7\u00e3o da pol\u00edtica comercial e amplia\u00e7\u00e3o da presen\u00e7a da editora em livrarias, distribuidoras, institui\u00e7\u00f5es crist\u00e3s, semin\u00e1rios teol\u00f3gicos e demais canais do mercado editorial crist\u00e3o, garantindo crescimento sustent\u00e1vel, aumento de faturamento [&hellip;]<\/p>\n","protected":false},"author":1,"featured_media":0,"comment_status":"open","ping_status":"open","sticky":false,"template":"","format":"standard","meta":{"footnotes":""},"categories":[21],"tags":[],"class_list":["post-4171","post","type-post","status-publish","format-standard","hentry","category-rio-de-janeiro-rj"],"_links":{"self":[{"href":"https:\/\/vagas.portalemprego.com.br\/index.php?rest_route=\/wp\/v2\/posts\/4171","targetHints":{"allow":["GET"]}}],"collection":[{"href":"https:\/\/vagas.portalemprego.com.br\/index.php?rest_route=\/wp\/v2\/posts"}],"about":[{"href":"https:\/\/vagas.portalemprego.com.br\/index.php?rest_route=\/wp\/v2\/types\/post"}],"author":[{"embeddable":true,"href":"https:\/\/vagas.portalemprego.com.br\/index.php?rest_route=\/wp\/v2\/users\/1"}],"replies":[{"embeddable":true,"href":"https:\/\/vagas.portalemprego.com.br\/index.php?rest_route=%2Fwp%2Fv2%2Fcomments&post=4171"}],"version-history":[{"count":0,"href":"https:\/\/vagas.portalemprego.com.br\/index.php?rest_route=\/wp\/v2\/posts\/4171\/revisions"}],"wp:attachment":[{"href":"https:\/\/vagas.portalemprego.com.br\/index.php?rest_route=%2Fwp%2Fv2%2Fmedia&parent=4171"}],"wp:term":[{"taxonomy":"category","embeddable":true,"href":"https:\/\/vagas.portalemprego.com.br\/index.php?rest_route=%2Fwp%2Fv2%2Fcategories&post=4171"},{"taxonomy":"post_tag","embeddable":true,"href":"https:\/\/vagas.portalemprego.com.br\/index.php?rest_route=%2Fwp%2Fv2%2Ftags&post=4171"}],"curies":[{"name":"wp","href":"https:\/\/api.w.org\/{rel}","templated":true}]}}