{"id":4172,"date":"2026-04-29T06:23:23","date_gmt":"2026-04-29T09:23:23","guid":{"rendered":"https:\/\/vagas.portalemprego.com.br\/?p=4172"},"modified":"2026-04-29T06:23:23","modified_gmt":"2026-04-29T09:23:23","slug":"tecnico-de-edificacoes-construcao-manutencao-rio-de-janeiro","status":"publish","type":"post","link":"https:\/\/vagas.portalemprego.com.br\/?p=4172","title":{"rendered":"T\u00e9cnico de Edifica\u00e7\u00f5es &#8211; Constru\u00e7\u00e3o, Manuten\u00e7\u00e3o &#8211; Rio de Janeiro"},"content":{"rendered":"<p>Escopo da fun\u00e7\u00e3o:<br \/>\nExecu\u00e7\u00e3o de levantamentos t\u00e9cnicos de campo<br \/>\nAvalia\u00e7\u00e3o de infraestrutura existente, condi\u00e7\u00f5es de solo, acessos e interfer\u00eancias<br \/>\nElabora\u00e7\u00e3o de desenhos t\u00e9cnicos e croquis de campo<br \/>\nApoio na elabora\u00e7\u00e3o de projetos arquitet\u00f4nicos<br \/>\nMedi\u00e7\u00f5es e verifica\u00e7\u00f5es in loco<br \/>\nRegistro fotogr\u00e1fico e documenta\u00e7\u00e3o t\u00e9cnica<br \/>\nPerfil desejado:<br \/>\nForma\u00e7\u00e3o t\u00e9cnica em Edifica\u00e7\u00f5es<br \/>\nExperi\u00eancia m\u00ednima de 3 anos em levantamentos de campo e apoio a projetos<br \/>\nConhecimento em leitura e interpreta\u00e7\u00e3o de projetos<br \/>\nDom\u00ednio de ferramentas de desenho t\u00e9cnico (AutoCAD)<br \/>\nDisponibilidade para trabalho em campo<br \/>\nEntreg\u00e1veis esperados:<br \/>\nRelat\u00f3rios de levantamento t\u00e9cnico de campo<br \/>\nCroquis e desenhos t\u00e9cnicos as-built<br \/>\nPlanilhas de medi\u00e7\u00f5es e quantitativos<br \/>\nRegistros fotogr\u00e1ficos georreferenciados<br \/>\nFichas t\u00e9cnicas de viabilidade dos locais<\/p>\n<ul>\n<li>Local de trabalho: Rio de Janeiro, RJ<\/li>\n<li>Regime de contrata\u00e7\u00e3o de tipo: Outros<\/li>\n<li>Jornada: Per\u00edodo Integral<\/li>\n<li>\u00c1rea e especializa\u00e7\u00e3o profissional: Constru\u00e7\u00e3o, Manuten\u00e7\u00e3o &#8211; Constru\u00e7\u00e3o Civil<\/li>\n<li>N\u00edvel hier\u00e1rquico: Operacional<\/li>\n<\/ul>\n<p>Escolaridade M\u00ednima: Curso T\u00e9cnico<\/p>\n","protected":false},"excerpt":{"rendered":"<p>Escopo da fun\u00e7\u00e3o: Execu\u00e7\u00e3o de levantamentos t\u00e9cnicos de campo Avalia\u00e7\u00e3o de infraestrutura existente, condi\u00e7\u00f5es de solo, acessos e interfer\u00eancias Elabora\u00e7\u00e3o de desenhos t\u00e9cnicos e croquis de campo Apoio na elabora\u00e7\u00e3o de projetos arquitet\u00f4nicos Medi\u00e7\u00f5es e verifica\u00e7\u00f5es in loco Registro fotogr\u00e1fico e documenta\u00e7\u00e3o t\u00e9cnica Perfil desejado: Forma\u00e7\u00e3o t\u00e9cnica em Edifica\u00e7\u00f5es Experi\u00eancia m\u00ednima de 3 anos em [&hellip;]<\/p>\n","protected":false},"author":1,"featured_media":0,"comment_status":"open","ping_status":"open","sticky":false,"template":"","format":"standard","meta":{"footnotes":""},"categories":[21],"tags":[],"class_list":["post-4172","post","type-post","status-publish","format-standard","hentry","category-rio-de-janeiro-rj"],"_links":{"self":[{"href":"https:\/\/vagas.portalemprego.com.br\/index.php?rest_route=\/wp\/v2\/posts\/4172","targetHints":{"allow":["GET"]}}],"collection":[{"href":"https:\/\/vagas.portalemprego.com.br\/index.php?rest_route=\/wp\/v2\/posts"}],"about":[{"href":"https:\/\/vagas.portalemprego.com.br\/index.php?rest_route=\/wp\/v2\/types\/post"}],"author":[{"embeddable":true,"href":"https:\/\/vagas.portalemprego.com.br\/index.php?rest_route=\/wp\/v2\/users\/1"}],"replies":[{"embeddable":true,"href":"https:\/\/vagas.portalemprego.com.br\/index.php?rest_route=%2Fwp%2Fv2%2Fcomments&post=4172"}],"version-history":[{"count":0,"href":"https:\/\/vagas.portalemprego.com.br\/index.php?rest_route=\/wp\/v2\/posts\/4172\/revisions"}],"wp:attachment":[{"href":"https:\/\/vagas.portalemprego.com.br\/index.php?rest_route=%2Fwp%2Fv2%2Fmedia&parent=4172"}],"wp:term":[{"taxonomy":"category","embeddable":true,"href":"https:\/\/vagas.portalemprego.com.br\/index.php?rest_route=%2Fwp%2Fv2%2Fcategories&post=4172"},{"taxonomy":"post_tag","embeddable":true,"href":"https:\/\/vagas.portalemprego.com.br\/index.php?rest_route=%2Fwp%2Fv2%2Ftags&post=4172"}],"curies":[{"name":"wp","href":"https:\/\/api.w.org\/{rel}","templated":true}]}}