{"id":4173,"date":"2026-04-29T06:23:23","date_gmt":"2026-04-29T09:23:23","guid":{"rendered":"https:\/\/vagas.portalemprego.com.br\/?p=4173"},"modified":"2026-04-29T06:23:23","modified_gmt":"2026-04-29T09:23:23","slug":"supervisor-de-implantacao-e-manutencao-construcao-manutencao-rio-de-janeiro","status":"publish","type":"post","link":"https:\/\/vagas.portalemprego.com.br\/?p=4173","title":{"rendered":"Supervisor de Implanta\u00e7\u00e3o e Manuten\u00e7\u00e3o &#8211; Constru\u00e7\u00e3o, Manuten\u00e7\u00e3o &#8211; Rio de Janeiro"},"content":{"rendered":"<p>Escopo da fun\u00e7\u00e3o:<br \/>\nSupervis\u00e3o direta das equipes de campo de implanta\u00e7\u00e3o e manuten\u00e7\u00e3o<br \/>\nCoordena\u00e7\u00e3o operacional de\u00a0montagens<br \/>\nGarantia da qualidade da execu\u00e7\u00e3o em campo<br \/>\nInterface com os Coordenadores de Projetos para alinhamento t\u00e9cnico<br \/>\nGest\u00e3o de n\u00e3o conformidades e a\u00e7\u00f5es corretivas em campo<br \/>\nControle de seguran\u00e7a do trabalho nas frentes de implanta\u00e7\u00e3o<br \/>\nGest\u00e3o da equipe de t\u00e9cnicos de implanta\u00e7\u00e3o e manuten\u00e7\u00e3o<br \/>\nPerfil desejado:<br \/>\nForma\u00e7\u00e3o t\u00e9cnica ou superior em Engenharia Civil, Produ\u00e7\u00e3o ou Edifica\u00e7\u00f5es<br \/>\nExperi\u00eancia m\u00ednima de 5 anos em supervis\u00e3o de obras e montagens<br \/>\nConhecimento pr\u00e1tico de constru\u00e7\u00f5es modulares e sistemas construtivos<br \/>\nCapacidade de lideran\u00e7a de equipes de campo<br \/>\nConhecimento em normas de seguran\u00e7a do trabalho (NR-18, NR-35, etc.)<br \/>\nDisponibilidade para trabalho em campo<br \/>\nEntreg\u00e1veis esperados:<br \/>\nRelat\u00f3rios di\u00e1rios de campo e acompanhamento de implanta\u00e7\u00f5es<br \/>\nRegistros fotogr\u00e1ficos e de qualidade das montagens<br \/>\nRelat\u00f3rios de n\u00e3o conformidades e a\u00e7\u00f5es corretivas<br \/>\nPlanilhas de acompanhamento de equipes e produtividade<br \/>\nRelat\u00f3rios de manuten\u00e7\u00f5es preventivas e corretivas<\/p>\n<ul>\n<li>Local de trabalho: Rio de Janeiro, RJ<\/li>\n<li>Regime de contrata\u00e7\u00e3o de tipo: Outros<\/li>\n<li>Jornada: Per\u00edodo Integral<\/li>\n<li>\u00c1rea e especializa\u00e7\u00e3o profissional: Constru\u00e7\u00e3o, Manuten\u00e7\u00e3o &#8211; Constru\u00e7\u00e3o Civil<\/li>\n<li>N\u00edvel hier\u00e1rquico: Supervisor<\/li>\n<\/ul>\n<p>Escolaridade M\u00ednima: Ensino Superior<\/p>\n","protected":false},"excerpt":{"rendered":"<p>Escopo da fun\u00e7\u00e3o: Supervis\u00e3o direta das equipes de campo de implanta\u00e7\u00e3o e manuten\u00e7\u00e3o Coordena\u00e7\u00e3o operacional de\u00a0montagens Garantia da qualidade da execu\u00e7\u00e3o em campo Interface com os Coordenadores de Projetos para alinhamento t\u00e9cnico Gest\u00e3o de n\u00e3o conformidades e a\u00e7\u00f5es corretivas em campo Controle de seguran\u00e7a do trabalho nas frentes de implanta\u00e7\u00e3o Gest\u00e3o da equipe de t\u00e9cnicos [&hellip;]<\/p>\n","protected":false},"author":1,"featured_media":0,"comment_status":"open","ping_status":"open","sticky":false,"template":"","format":"standard","meta":{"footnotes":""},"categories":[21],"tags":[],"class_list":["post-4173","post","type-post","status-publish","format-standard","hentry","category-rio-de-janeiro-rj"],"_links":{"self":[{"href":"https:\/\/vagas.portalemprego.com.br\/index.php?rest_route=\/wp\/v2\/posts\/4173","targetHints":{"allow":["GET"]}}],"collection":[{"href":"https:\/\/vagas.portalemprego.com.br\/index.php?rest_route=\/wp\/v2\/posts"}],"about":[{"href":"https:\/\/vagas.portalemprego.com.br\/index.php?rest_route=\/wp\/v2\/types\/post"}],"author":[{"embeddable":true,"href":"https:\/\/vagas.portalemprego.com.br\/index.php?rest_route=\/wp\/v2\/users\/1"}],"replies":[{"embeddable":true,"href":"https:\/\/vagas.portalemprego.com.br\/index.php?rest_route=%2Fwp%2Fv2%2Fcomments&post=4173"}],"version-history":[{"count":0,"href":"https:\/\/vagas.portalemprego.com.br\/index.php?rest_route=\/wp\/v2\/posts\/4173\/revisions"}],"wp:attachment":[{"href":"https:\/\/vagas.portalemprego.com.br\/index.php?rest_route=%2Fwp%2Fv2%2Fmedia&parent=4173"}],"wp:term":[{"taxonomy":"category","embeddable":true,"href":"https:\/\/vagas.portalemprego.com.br\/index.php?rest_route=%2Fwp%2Fv2%2Fcategories&post=4173"},{"taxonomy":"post_tag","embeddable":true,"href":"https:\/\/vagas.portalemprego.com.br\/index.php?rest_route=%2Fwp%2Fv2%2Ftags&post=4173"}],"curies":[{"name":"wp","href":"https:\/\/api.w.org\/{rel}","templated":true}]}}