{"id":4175,"date":"2026-04-29T06:23:23","date_gmt":"2026-04-29T09:23:23","guid":{"rendered":"https:\/\/vagas.portalemprego.com.br\/?p=4175"},"modified":"2026-04-29T06:23:23","modified_gmt":"2026-04-29T09:23:23","slug":"coordenador-de-projetos-de-arquitetura-arquitetura-decoracao-design-rio-de-janeiro","status":"publish","type":"post","link":"https:\/\/vagas.portalemprego.com.br\/?p=4175","title":{"rendered":"Coordenador de Projetos de Arquitetura &#8211; Arquitetura, Decora\u00e7\u00e3o, Design &#8211; Rio de Janeiro"},"content":{"rendered":"<p>Escopo da fun\u00e7\u00e3o:<br \/>\nCoordena\u00e7\u00e3o t\u00e9cnica da segunda metade da carteira de implanta\u00e7\u00f5es<br \/>\nElabora\u00e7\u00e3o e valida\u00e7\u00e3o de projetos arquitet\u00f4nicos de implanta\u00e7\u00e3o<br \/>\nInterface t\u00e9cnica com cliente e \u00f3rg\u00e3os reguladores<br \/>\nCoordena\u00e7\u00e3o das equipes t\u00e9cnicas sob sua responsabilidade<br \/>\nAn\u00e1lise de viabilidade t\u00e9cnica dos locais de implanta\u00e7\u00e3o<br \/>\nGarantia da conformidade dos projetos com normas e especifica\u00e7\u00f5es t\u00e9cnicas<br \/>\nPerfil desejado:<br \/>\nArquiteto com registro ativo no CAU<br \/>\nExperi\u00eancia pr\u00e9via em projetos de implanta\u00e7\u00e3o e constru\u00e7\u00f5es modulares<br \/>\nConhecimento em normas t\u00e9cnicas de edifica\u00e7\u00f5es e acessibilidade<br \/>\nCapacidade de leitura e interpreta\u00e7\u00e3o de projetos complementares<br \/>\nHabilidades de coordena\u00e7\u00e3o de equipes e gest\u00e3o de m\u00faltiplos projetos<br \/>\nDisponibilidade para trabalho em campo<br \/>\nEntreg\u00e1veis esperados:<br \/>\nProjetos arquitet\u00f4nicos de implanta\u00e7\u00e3o para sua carteira<br \/>\nRelat\u00f3rios t\u00e9cnicos de viabilidade<br \/>\nMemoriais descritivos e especifica\u00e7\u00f5es t\u00e9cnicas<br \/>\nPareceres t\u00e9cnicos e valida\u00e7\u00f5es de campo<br \/>\nCronogramas de projetos e implanta\u00e7\u00f5es<\/p>\n<ul>\n<li>Local de trabalho: Rio de Janeiro, RJ<\/li>\n<li>Regime de contrata\u00e7\u00e3o de tipo: Efetivo \u2013 CLT<\/li>\n<li>Jornada: Per\u00edodo Integral<\/li>\n<li>\u00c1rea e especializa\u00e7\u00e3o profissional: Arquitetura, Decora\u00e7\u00e3o, Design &#8211; Arquitetura, Urbanismo<\/li>\n<li>N\u00edvel hier\u00e1rquico: Coordenador<\/li>\n<\/ul>\n<p>Escolaridade M\u00ednima: Ensino Superior<\/p>\n","protected":false},"excerpt":{"rendered":"<p>Escopo da fun\u00e7\u00e3o: Coordena\u00e7\u00e3o t\u00e9cnica da segunda metade da carteira de implanta\u00e7\u00f5es Elabora\u00e7\u00e3o e valida\u00e7\u00e3o de projetos arquitet\u00f4nicos de implanta\u00e7\u00e3o Interface t\u00e9cnica com cliente e \u00f3rg\u00e3os reguladores Coordena\u00e7\u00e3o das equipes t\u00e9cnicas sob sua responsabilidade An\u00e1lise de viabilidade t\u00e9cnica dos locais de implanta\u00e7\u00e3o Garantia da conformidade dos projetos com normas e especifica\u00e7\u00f5es t\u00e9cnicas Perfil desejado: Arquiteto [&hellip;]<\/p>\n","protected":false},"author":1,"featured_media":0,"comment_status":"open","ping_status":"open","sticky":false,"template":"","format":"standard","meta":{"footnotes":""},"categories":[21],"tags":[],"class_list":["post-4175","post","type-post","status-publish","format-standard","hentry","category-rio-de-janeiro-rj"],"_links":{"self":[{"href":"https:\/\/vagas.portalemprego.com.br\/index.php?rest_route=\/wp\/v2\/posts\/4175","targetHints":{"allow":["GET"]}}],"collection":[{"href":"https:\/\/vagas.portalemprego.com.br\/index.php?rest_route=\/wp\/v2\/posts"}],"about":[{"href":"https:\/\/vagas.portalemprego.com.br\/index.php?rest_route=\/wp\/v2\/types\/post"}],"author":[{"embeddable":true,"href":"https:\/\/vagas.portalemprego.com.br\/index.php?rest_route=\/wp\/v2\/users\/1"}],"replies":[{"embeddable":true,"href":"https:\/\/vagas.portalemprego.com.br\/index.php?rest_route=%2Fwp%2Fv2%2Fcomments&post=4175"}],"version-history":[{"count":0,"href":"https:\/\/vagas.portalemprego.com.br\/index.php?rest_route=\/wp\/v2\/posts\/4175\/revisions"}],"wp:attachment":[{"href":"https:\/\/vagas.portalemprego.com.br\/index.php?rest_route=%2Fwp%2Fv2%2Fmedia&parent=4175"}],"wp:term":[{"taxonomy":"category","embeddable":true,"href":"https:\/\/vagas.portalemprego.com.br\/index.php?rest_route=%2Fwp%2Fv2%2Fcategories&post=4175"},{"taxonomy":"post_tag","embeddable":true,"href":"https:\/\/vagas.portalemprego.com.br\/index.php?rest_route=%2Fwp%2Fv2%2Ftags&post=4175"}],"curies":[{"name":"wp","href":"https:\/\/api.w.org\/{rel}","templated":true}]}}