{"id":4178,"date":"2026-04-29T06:23:23","date_gmt":"2026-04-29T09:23:23","guid":{"rendered":"https:\/\/vagas.portalemprego.com.br\/?p=4178"},"modified":"2026-04-29T06:23:23","modified_gmt":"2026-04-29T09:23:23","slug":"auxiliar-de-expedicao-logistica-rio-de-janeiro-4","status":"publish","type":"post","link":"https:\/\/vagas.portalemprego.com.br\/?p=4178","title":{"rendered":"Auxiliar de Expedi\u00e7\u00e3o &#8211; Log\u00edstica &#8211; Rio de Janeiro"},"content":{"rendered":"<p>AUXILIAR DE EXPEDI\u00c7\u00c3O<\/p>\n<p>Empresa de e-commerce do segmento de caf\u00e9s e acompanhamentos busca Auxiliar de Expedi\u00e7\u00e3o para atua\u00e7\u00e3o presencial.<br \/>\nHor\u00e1rio de Trabalho<br \/>\nSegunda a sexta-feira | 07h \u00e0s 16h48<br \/>\n??\u00a0Barra\u00a0da\u00a0Tijuca\u00a0\u2013\u00a0RJ<br \/>\nRemunera\u00e7\u00e3o e Benef\u00edcios<br \/>\nSal\u00e1rio: R$ 1.810,00<br \/>\nVale Alimenta\u00e7\u00e3o: R$ 600,00<br \/>\nVale Transporte<br \/>\nTotal Pass<br \/>\nPrincipais Atividades<br \/>\nSepara\u00e7\u00e3o, confer\u00eancia, montagem e embalagem de pedidos<br \/>\nApoio no despacho e carregamento de pedidos<br \/>\nControle de entrada e sa\u00edda de mercadorias<br \/>\nRecebimento de produtos e confer\u00eancia de quantidades e validade<br \/>\nOrganiza\u00e7\u00e3o, armazenagem e reabastecimento de estoque<br \/>\nTratativa de devolu\u00e7\u00f5es<br \/>\nPrepara\u00e7\u00e3o de envios para fulfillment (Mercado Livre, Amazon FBA, etc.)<br \/>\nInvent\u00e1rios peri\u00f3dicos e controle de produtos com vencimento curto<br \/>\nManuten\u00e7\u00e3o da organiza\u00e7\u00e3o e limpeza do setor<br \/>\nApoio a demandas operacionais e \u00e1reas correlatas<br \/>\nRequisitos<br \/>\nExperi\u00eancia m\u00ednima de 6 meses em expedi\u00e7\u00e3o, log\u00edstica ou \u00e1rea operacional<br \/>\nIdade m\u00ednima: 23 anos<br \/>\nDisponibilidade para trabalho presencial<br \/>\nResidir pr\u00f3ximo \u00e0 empresa<br \/>\nLocaliza\u00e7\u00e3o<br \/>\nEmpresa localizada na Barra da Tijuca, com f\u00e1cil acesso ao BRT (Av. Ayrton Senna).<br \/>\n?? Imprescind\u00edvel residir com at\u00e9 1h de deslocamento<\/p>\n<ul>\n<li>Local de trabalho: Rio de Janeiro, RJ<\/li>\n<li>Regime de contrata\u00e7\u00e3o de tipo: Efetivo \u2013 CLT<\/li>\n<li>Jornada: Per\u00edodo Integral<\/li>\n<li>\u00c1rea e especializa\u00e7\u00e3o profissional: Log\u00edstica &#8211; Distribui\u00e7\u00e3o, Recebimento e Expedi\u00e7\u00e3o<\/li>\n<li>N\u00edvel hier\u00e1rquico: Auxiliar<\/li>\n<\/ul>\n<p>VALORIZADO<\/p>\n<p>Tempo de experi\u00eancia: Menos de 1 ano<\/p>\n<p>HABILIDADES<\/p>\n<ul>\n<li>Expedi\u00e7\u00e3o<\/li>\n<li>Log\u00edstica<\/li>\n<\/ul>\n<p>Escolaridade M\u00ednima: Ensino M\u00e9dio (2\u00ba Grau)<\/p>\n<ul>\n<li>Vale-transporte<\/li>\n<li>Total Pass<\/li>\n<li>Vale alimenta\u00e7\u00e3o<\/li>\n<\/ul>\n","protected":false},"excerpt":{"rendered":"<p>AUXILIAR DE EXPEDI\u00c7\u00c3O Empresa de e-commerce do segmento de caf\u00e9s e acompanhamentos busca Auxiliar de Expedi\u00e7\u00e3o para atua\u00e7\u00e3o presencial. Hor\u00e1rio de Trabalho Segunda a sexta-feira | 07h \u00e0s 16h48 ??\u00a0Barra\u00a0da\u00a0Tijuca\u00a0\u2013\u00a0RJ Remunera\u00e7\u00e3o e Benef\u00edcios Sal\u00e1rio: R$ 1.810,00 Vale Alimenta\u00e7\u00e3o: R$ 600,00 Vale Transporte Total Pass Principais Atividades Separa\u00e7\u00e3o, confer\u00eancia, montagem e embalagem de pedidos Apoio no [&hellip;]<\/p>\n","protected":false},"author":1,"featured_media":0,"comment_status":"open","ping_status":"open","sticky":false,"template":"","format":"standard","meta":{"footnotes":""},"categories":[21],"tags":[],"class_list":["post-4178","post","type-post","status-publish","format-standard","hentry","category-rio-de-janeiro-rj"],"_links":{"self":[{"href":"https:\/\/vagas.portalemprego.com.br\/index.php?rest_route=\/wp\/v2\/posts\/4178","targetHints":{"allow":["GET"]}}],"collection":[{"href":"https:\/\/vagas.portalemprego.com.br\/index.php?rest_route=\/wp\/v2\/posts"}],"about":[{"href":"https:\/\/vagas.portalemprego.com.br\/index.php?rest_route=\/wp\/v2\/types\/post"}],"author":[{"embeddable":true,"href":"https:\/\/vagas.portalemprego.com.br\/index.php?rest_route=\/wp\/v2\/users\/1"}],"replies":[{"embeddable":true,"href":"https:\/\/vagas.portalemprego.com.br\/index.php?rest_route=%2Fwp%2Fv2%2Fcomments&post=4178"}],"version-history":[{"count":0,"href":"https:\/\/vagas.portalemprego.com.br\/index.php?rest_route=\/wp\/v2\/posts\/4178\/revisions"}],"wp:attachment":[{"href":"https:\/\/vagas.portalemprego.com.br\/index.php?rest_route=%2Fwp%2Fv2%2Fmedia&parent=4178"}],"wp:term":[{"taxonomy":"category","embeddable":true,"href":"https:\/\/vagas.portalemprego.com.br\/index.php?rest_route=%2Fwp%2Fv2%2Fcategories&post=4178"},{"taxonomy":"post_tag","embeddable":true,"href":"https:\/\/vagas.portalemprego.com.br\/index.php?rest_route=%2Fwp%2Fv2%2Ftags&post=4178"}],"curies":[{"name":"wp","href":"https:\/\/api.w.org\/{rel}","templated":true}]}}