{"id":4179,"date":"2026-04-29T06:23:23","date_gmt":"2026-04-29T09:23:23","guid":{"rendered":"https:\/\/vagas.portalemprego.com.br\/?p=4179"},"modified":"2026-04-29T06:23:23","modified_gmt":"2026-04-29T09:23:23","slug":"analista-de-trade-marketing-marketing-rio-de-janeiro-2","status":"publish","type":"post","link":"https:\/\/vagas.portalemprego.com.br\/?p=4179","title":{"rendered":"Analista de Trade Marketing &#8211; Marketing &#8211; Rio de Janeiro"},"content":{"rendered":"<p>Venha fazer parte do nosso time como Analista de Trade Marketing J\u00fanior!<br \/>\nVoc\u00ea apoiar\u00e1 o planejamento, a execu\u00e7\u00e3o e o acompanhamento das estrat\u00e9gias de Trade Marketing, com foco em ampliar a visibilidade dos produtos, impulsionar as vendas e fortalecer o relacionamento entre ind\u00fastria, distribuidora e for\u00e7a de vendas, sempre em conformidade com as normas do setor farmac\u00eautico.<br \/>\nEm parceria com as \u00e1reas de Vendas, Marketing e Ind\u00fastrias parceiras, voc\u00ea dar\u00e1 suporte \u00e0 execu\u00e7\u00e3o de campanhas promocionais, materiais de PDV e a\u00e7\u00f5es de incentivo, al\u00e9m de apoiar a for\u00e7a de vendas com informa\u00e7\u00f5es sobre mercado, lan\u00e7amentos e campanhas.<br \/>\nTamb\u00e9m far\u00e1 parte da sua rotina o acompanhamento de indicadores de desempenho (sell-in, sell-out, positiva\u00e7\u00e3o, giro e cobertura), a an\u00e1lise de resultados e a elabora\u00e7\u00e3o de relat\u00f3rios e dashboards, bem como a organiza\u00e7\u00e3o do calend\u00e1rio promocional e o apoio no relacionamento com fornecedores e ind\u00fastrias.<br \/>\nRequisitos e qualifica\u00e7\u00f5es:<br \/>\nEnsino Superior em Marketing, Administra\u00e7\u00e3o, Publicidade, Comunica\u00e7\u00e3o ou \u00e1reas correlatas (cursando ou completo);<br \/>\nExperi\u00eancia pr\u00e9via em Trade Marketing, preferencialmente no segmento farmac\u00eautico ou de distribui\u00e7\u00e3o (m\u00ednimo de 6 meses);<br \/>\nPacote Office, com foco em Excel (n\u00edvel intermedi\u00e1rio);<br \/>\nConhecimento em ferramentas de BI ou dashboards (n\u00edvel intermedi\u00e1rio);<br \/>\nExperi\u00eancia com Canva para cria\u00e7\u00e3o de materiais promocionais (n\u00edvel intermedi\u00e1rio);<br \/>\nNo\u00e7\u00f5es b\u00e1sicas de sistemas ERP, como SAP, Totvs, Protheus ou similares (diferencial).<br \/>\nCompet\u00eancias comportamentais:<br \/>\nOrienta\u00e7\u00e3o para resultados;<br \/>\nCapacidade anal\u00edtica;<br \/>\nBoa comunica\u00e7\u00e3o e relacionamento interpessoal;<br \/>\nOrganiza\u00e7\u00e3o e planejamento;<br \/>\nProatividade;<br \/>\nTrabalho em equipe;<br \/>\nVis\u00e3o de neg\u00f3cio;<br \/>\nCapacidade de lidar com prazos e m\u00faltiplas demandas.<br \/>\nA Navarro Distribuidora de Medicamentos oferece um ambiente de trabalho colaborativo, desafiador e com oportunidades de aprendizado e crescimento profissional. Valorizamos a diversidade, a equidade e o desenvolvimento humano, promovendo um ambiente inclusivo para todos os colaboradores.<br \/>\nSe voc\u00ea \u00e9 apaixonado(a) por Trade Marketing, tem perfil proativo e gosta de atuar pr\u00f3ximo ao neg\u00f3cio, essa oportunidade \u00e9 para voc\u00ea. Junte-se \u00e0 Navarro e fa\u00e7a parte de uma empresa que h\u00e1 mais de 35 anos contribui para a prosperidade de todos que se conectam conosco.<\/p>\n<ul>\n<li>Local de trabalho: Rio de Janeiro, RJ<\/li>\n<li>Regime de contrata\u00e7\u00e3o de tipo: Efetivo \u2013 CLT<\/li>\n<li>Jornada: Per\u00edodo Integral<\/li>\n<li>\u00c1rea e especializa\u00e7\u00e3o profissional: Marketing &#8211; Marketing<\/li>\n<li>N\u00edvel hier\u00e1rquico: Analista<\/li>\n<\/ul>\n<p>HABILIDADES<\/p>\n<ul>\n<li>Trabalho em equipe<\/li>\n<li>Proatividade<\/li>\n<li>Organiza\u00e7\u00e3o e planejamento<\/li>\n<li>Vis\u00e3o de neg\u00f3cio<\/li>\n<li>Capacidade anal\u00edtica<\/li>\n<li>Orienta\u00e7\u00e3o para resultados<\/li>\n<li>Comunica\u00e7\u00e3o e relacionamento interpessoal<\/li>\n<\/ul>\n<p>Escolaridade M\u00ednima: Ensino Superior<\/p>\n<ul>\n<li>Seguro de Vida<\/li>\n<li>Parcerias com parques, SESC, faculdades para descontos<\/li>\n<li>Conv\u00eanio farm\u00e1cia e \u00f3tica<\/li>\n<li>Vale Refei\u00e7\u00e3o<\/li>\n<li>Assist\u00eancia M\u00e9dica<\/li>\n<li>Vale Transporte ou Auxilio Combust\u00edvel<\/li>\n<li>Assist\u00eancia Odontol\u00f3gica<\/li>\n<\/ul>\n","protected":false},"excerpt":{"rendered":"<p>Venha fazer parte do nosso time como Analista de Trade Marketing J\u00fanior! Voc\u00ea apoiar\u00e1 o planejamento, a execu\u00e7\u00e3o e o acompanhamento das estrat\u00e9gias de Trade Marketing, com foco em ampliar a visibilidade dos produtos, impulsionar as vendas e fortalecer o relacionamento entre ind\u00fastria, distribuidora e for\u00e7a de vendas, sempre em conformidade com as normas do [&hellip;]<\/p>\n","protected":false},"author":1,"featured_media":0,"comment_status":"open","ping_status":"open","sticky":false,"template":"","format":"standard","meta":{"footnotes":""},"categories":[21],"tags":[],"class_list":["post-4179","post","type-post","status-publish","format-standard","hentry","category-rio-de-janeiro-rj"],"_links":{"self":[{"href":"https:\/\/vagas.portalemprego.com.br\/index.php?rest_route=\/wp\/v2\/posts\/4179","targetHints":{"allow":["GET"]}}],"collection":[{"href":"https:\/\/vagas.portalemprego.com.br\/index.php?rest_route=\/wp\/v2\/posts"}],"about":[{"href":"https:\/\/vagas.portalemprego.com.br\/index.php?rest_route=\/wp\/v2\/types\/post"}],"author":[{"embeddable":true,"href":"https:\/\/vagas.portalemprego.com.br\/index.php?rest_route=\/wp\/v2\/users\/1"}],"replies":[{"embeddable":true,"href":"https:\/\/vagas.portalemprego.com.br\/index.php?rest_route=%2Fwp%2Fv2%2Fcomments&post=4179"}],"version-history":[{"count":0,"href":"https:\/\/vagas.portalemprego.com.br\/index.php?rest_route=\/wp\/v2\/posts\/4179\/revisions"}],"wp:attachment":[{"href":"https:\/\/vagas.portalemprego.com.br\/index.php?rest_route=%2Fwp%2Fv2%2Fmedia&parent=4179"}],"wp:term":[{"taxonomy":"category","embeddable":true,"href":"https:\/\/vagas.portalemprego.com.br\/index.php?rest_route=%2Fwp%2Fv2%2Fcategories&post=4179"},{"taxonomy":"post_tag","embeddable":true,"href":"https:\/\/vagas.portalemprego.com.br\/index.php?rest_route=%2Fwp%2Fv2%2Ftags&post=4179"}],"curies":[{"name":"wp","href":"https:\/\/api.w.org\/{rel}","templated":true}]}}