{"id":4180,"date":"2026-04-29T06:23:23","date_gmt":"2026-04-29T09:23:23","guid":{"rendered":"https:\/\/vagas.portalemprego.com.br\/?p=4180"},"modified":"2026-04-29T06:23:23","modified_gmt":"2026-04-29T09:23:23","slug":"mediador-pedagogico-tecnologia-ibmr-informatica-ti-telecomunicacoes-rio-de-janeiro","status":"publish","type":"post","link":"https:\/\/vagas.portalemprego.com.br\/?p=4180","title":{"rendered":"Mediador Pedag\u00f3gico &#8211; Tecnologia &#8211; IBMR &#8211; Inform\u00e1tica, TI, Telecomunica\u00e7\u00f5es &#8211; Rio de Janeiro"},"content":{"rendered":"<p>Seja um educador ou educadora no Ecossistema \u00c2nima e venha transformar o pa\u00eds pela educa\u00e7\u00e3o.<br \/>\nMEDIADOR PEDAG\u00d3GICO<br \/>\nEssa posi\u00e7\u00e3o \u00e9 para atuar no IBMR, que faz parte do Ecossistema \u00c2nima, o maior e o mais inovador ecossistema de ensino de qualidade do pa\u00eds, com institui\u00e7\u00f5es espalhadas por todo o Brasil. Somos uma empresa em constante evolu\u00e7\u00e3o, que enxerga em cada detalhe novas formas de promover a educa\u00e7\u00e3o. Por sinal, essa \u00e9 a ess\u00eancia que nos faz ser diferentes.<br \/>\nAh! Independente de cor, idade, g\u00eanero, orienta\u00e7\u00e3o sexual, origem, religi\u00e3o ou qualquer outra caracter\u00edstica, ou particularidade que tenha, se voc\u00ea tem desejo e energia para contribuir para a transforma\u00e7\u00e3o de vidas por meio da Educa\u00e7\u00e3o, aqui \u00e9 o seu lugar!<\/p>\n<p>Confira mais sobre a nossa oportunidade.<\/p>\n<p>Do que voc\u00ea precisa para concorrer \u00e0 vaga:<br \/>\n\u2022 Ter ensino superior completo nas \u00e1reas de Tecnologia.<br \/>\nComo ser\u00e1 seu dia a dia como educador ou educadora:<br \/>\nVoc\u00ea ser\u00e1 uma pe\u00e7a essencial no processo de aprendizagem, atuando como ponte ativa entre estudantes, professores e o ecossistema acad\u00eamico. Entre suas principais responsabilidades, est\u00e3o:<\/p>\n<p>\u2022 Conduzir encontros de media\u00e7\u00e3o, aprofundando conte\u00fados e fortalecendo a aprendizagem dos estudantes;<br \/>\n\u2022 Atuar de maneira proativa no ambiente virtual de aprendizagem, mediando d\u00favidas, estimulando o engajamento e acompanhando intera\u00e7\u00f5es nos f\u00f3runs;<br \/>\n\u2022 Apoiar o professor regente na corre\u00e7\u00e3o de avalia\u00e7\u00f5es discursivas, garantindo coer\u00eancia pedag\u00f3gica e alinhamento com os crit\u00e9rios definidos;<br \/>\n\u2022 Participar do Programa de Acolhimento, contribuindo com o apoio aos novos estudantes e conduzindo encontros de reposi\u00e7\u00e3o para ingressantes tardios;<br \/>\n\u2022 Manter di\u00e1logo cont\u00ednuo com o professor regente para alinhar estrat\u00e9gias acad\u00eamicas e pedag\u00f3gicas;<br \/>\n\u2022 Engajar-se nas forma\u00e7\u00f5es institucionais para aprimorar continuamente sua pr\u00e1tica de media\u00e7\u00e3o.<\/p>\n<p>Veja o que j\u00e1 vai encontrar no nosso Ecossistema \u00c2nima<br \/>\n\u2022 Bolsas de Estudos<br \/>\n\u2022 Indica\u00e7\u00e3o de 2 Bolsas de Estudos para quem preferir<br \/>\n\u2022 Programa de Bem-estar e Qualidade de Vida<br \/>\n\u2022 Wellhub<br \/>\n\u2022 ECOA \u2013 Escola Corporativa \u00c2nima, com + de 100 cursos livres e gratuitos<br \/>\n\u2022 Day-off no anivers\u00e1rio<br \/>\n\u2022 Abono de meio-per\u00edodo no anivers\u00e1rio do(a) filho(a) com at\u00e9 16 anos<br \/>\n\u2022 Programa Valor das Pessoas: vale-presente para os educadores em fases marcantes de suas vidas, como casamento, nascimento e at\u00e9 mesmo uma nova titula\u00e7\u00e3o.<\/p>\n<p>Fique atento \u00e0s etapas do processo seletivo, que acontece de forma 100% remota:<br \/>\n1. An\u00e1lise dos curr\u00edculos;<br \/>\n2. Avalia\u00e7\u00e3o t\u00e9cnica;<br \/>\n3. Entrevista com nosso time de Recrutamento e Sele\u00e7\u00e3o;<br \/>\n4. Entrevista com a lideran\u00e7a<\/p>\n<p>Boa sorte!<\/p>\n<p>#Seja\u00c2nima<\/p>\n<ul>\n<li>Local de trabalho: Rio de Janeiro, RJ<\/li>\n<li>Regime de contrata\u00e7\u00e3o de tipo: Efetivo \u2013 CLT<\/li>\n<li>Jornada: Per\u00edodo Integral<\/li>\n<li>\u00c1rea e especializa\u00e7\u00e3o profissional: Inform\u00e1tica, TI, Telecomunica\u00e7\u00f5es &#8211; TI<\/li>\n<li>N\u00edvel hier\u00e1rquico: Auxiliar<\/li>\n<\/ul>\n<p>Escolaridade M\u00ednima: Ensino Superior<\/p>\n<p>Forma\u00e7\u00e3o desejada:<\/p>\n<ul>\n<li>Tecnologia da Informa\u00e7\u00e3o, Ensino Superior<\/li>\n<li>An\u00e1lise e desenvolvimento de sistemas, Ensino Superior<\/li>\n<\/ul>\n","protected":false},"excerpt":{"rendered":"<p>Seja um educador ou educadora no Ecossistema \u00c2nima e venha transformar o pa\u00eds pela educa\u00e7\u00e3o. MEDIADOR PEDAG\u00d3GICO Essa posi\u00e7\u00e3o \u00e9 para atuar no IBMR, que faz parte do Ecossistema \u00c2nima, o maior e o mais inovador ecossistema de ensino de qualidade do pa\u00eds, com institui\u00e7\u00f5es espalhadas por todo o Brasil. Somos uma empresa em constante [&hellip;]<\/p>\n","protected":false},"author":1,"featured_media":0,"comment_status":"open","ping_status":"open","sticky":false,"template":"","format":"standard","meta":{"footnotes":""},"categories":[21],"tags":[],"class_list":["post-4180","post","type-post","status-publish","format-standard","hentry","category-rio-de-janeiro-rj"],"_links":{"self":[{"href":"https:\/\/vagas.portalemprego.com.br\/index.php?rest_route=\/wp\/v2\/posts\/4180","targetHints":{"allow":["GET"]}}],"collection":[{"href":"https:\/\/vagas.portalemprego.com.br\/index.php?rest_route=\/wp\/v2\/posts"}],"about":[{"href":"https:\/\/vagas.portalemprego.com.br\/index.php?rest_route=\/wp\/v2\/types\/post"}],"author":[{"embeddable":true,"href":"https:\/\/vagas.portalemprego.com.br\/index.php?rest_route=\/wp\/v2\/users\/1"}],"replies":[{"embeddable":true,"href":"https:\/\/vagas.portalemprego.com.br\/index.php?rest_route=%2Fwp%2Fv2%2Fcomments&post=4180"}],"version-history":[{"count":0,"href":"https:\/\/vagas.portalemprego.com.br\/index.php?rest_route=\/wp\/v2\/posts\/4180\/revisions"}],"wp:attachment":[{"href":"https:\/\/vagas.portalemprego.com.br\/index.php?rest_route=%2Fwp%2Fv2%2Fmedia&parent=4180"}],"wp:term":[{"taxonomy":"category","embeddable":true,"href":"https:\/\/vagas.portalemprego.com.br\/index.php?rest_route=%2Fwp%2Fv2%2Fcategories&post=4180"},{"taxonomy":"post_tag","embeddable":true,"href":"https:\/\/vagas.portalemprego.com.br\/index.php?rest_route=%2Fwp%2Fv2%2Ftags&post=4180"}],"curies":[{"name":"wp","href":"https:\/\/api.w.org\/{rel}","templated":true}]}}