{"id":4181,"date":"2026-04-29T06:23:23","date_gmt":"2026-04-29T09:23:23","guid":{"rendered":"https:\/\/vagas.portalemprego.com.br\/?p=4181"},"modified":"2026-04-29T06:23:23","modified_gmt":"2026-04-29T09:23:23","slug":"auxiliar-de-servicos-gerais-humaita-servicos-gerais-rio-de-janeiro","status":"publish","type":"post","link":"https:\/\/vagas.portalemprego.com.br\/?p=4181","title":{"rendered":"Auxiliar de Servi\u00e7os Gerais &#8211; Humait\u00e1 &#8211; Servi\u00e7os Gerais &#8211; Rio de Janeiro"},"content":{"rendered":"<p>Estamos em busca de um Auxiliar de Servi\u00e7os Gerais comprometido para trabalhar em um ambiente din\u00e2mico e desafiador. Junte-se a n\u00f3s e cres\u00e7a em uma empresa s\u00f3lida e com grandes oportunidades de desenvolvimento!<br \/>\nResponsabilidades:<br \/>\nRealizar a limpeza e conserva\u00e7\u00e3o de ambientes internos e externos.<br \/>\nSuporte \u00e0 cozinha na lava\u00e7\u00e3o de lou\u00e7as<br \/>\nOrganizar materiais e produtos utilizados nas atividades di\u00e1rias.<br \/>\nGarantir a manuten\u00e7\u00e3o da ordem e limpeza em todos os setores designados.<br \/>\nRequisitos:<br \/>\nExperi\u00eancia pr\u00e9via de 1 (um) ano na fun\u00e7\u00e3o de Auxiliar de Servi\u00e7os Gerais.<br \/>\nConhecimento b\u00e1sico no manuseio de m\u00e1quinas de limpeza e dilui\u00e7\u00e3o de produtos qu\u00edmicos.<br \/>\nDisponibilidade para trabalhar aos finais de semana.<br \/>\nHabilidade para trabalhar de forma independente e em equipe.<br \/>\nQualidades pessoais:<br \/>\nAssiduidade e pontualidade.<br \/>\nComprometimento com o trabalho e prazos estabelecidos.<br \/>\nOrganiza\u00e7\u00e3o e aten\u00e7\u00e3o aos detalhes.<br \/>\nSenso se equipe<\/p>\n<ul>\n<li>N\u00famero de vagas: 2<\/li>\n<li>Local de trabalho: Rio de Janeiro, RJ<\/li>\n<li>Regime de contrata\u00e7\u00e3o de tipo: Efetivo \u2013 CLT<\/li>\n<li>Jornada: Per\u00edodo Integral<\/li>\n<li>\u00c1rea e especializa\u00e7\u00e3o profissional: Servi\u00e7os Gerais &#8211; Limpeza<\/li>\n<li>N\u00edvel hier\u00e1rquico: Auxiliar<\/li>\n<\/ul>\n<p>Escolaridade M\u00ednima: Ensino Fundamental (1\u00ba grau)<\/p>\n<ul>\n<li>vale transporte<\/li>\n<\/ul>\n<p>Sal\u00e1rio: 1730,75<\/p>\n","protected":false},"excerpt":{"rendered":"<p>Estamos em busca de um Auxiliar de Servi\u00e7os Gerais comprometido para trabalhar em um ambiente din\u00e2mico e desafiador. Junte-se a n\u00f3s e cres\u00e7a em uma empresa s\u00f3lida e com grandes oportunidades de desenvolvimento! Responsabilidades: Realizar a limpeza e conserva\u00e7\u00e3o de ambientes internos e externos. Suporte \u00e0 cozinha na lava\u00e7\u00e3o de lou\u00e7as Organizar materiais e produtos [&hellip;]<\/p>\n","protected":false},"author":1,"featured_media":0,"comment_status":"open","ping_status":"open","sticky":false,"template":"","format":"standard","meta":{"footnotes":""},"categories":[21],"tags":[],"class_list":["post-4181","post","type-post","status-publish","format-standard","hentry","category-rio-de-janeiro-rj"],"_links":{"self":[{"href":"https:\/\/vagas.portalemprego.com.br\/index.php?rest_route=\/wp\/v2\/posts\/4181","targetHints":{"allow":["GET"]}}],"collection":[{"href":"https:\/\/vagas.portalemprego.com.br\/index.php?rest_route=\/wp\/v2\/posts"}],"about":[{"href":"https:\/\/vagas.portalemprego.com.br\/index.php?rest_route=\/wp\/v2\/types\/post"}],"author":[{"embeddable":true,"href":"https:\/\/vagas.portalemprego.com.br\/index.php?rest_route=\/wp\/v2\/users\/1"}],"replies":[{"embeddable":true,"href":"https:\/\/vagas.portalemprego.com.br\/index.php?rest_route=%2Fwp%2Fv2%2Fcomments&post=4181"}],"version-history":[{"count":0,"href":"https:\/\/vagas.portalemprego.com.br\/index.php?rest_route=\/wp\/v2\/posts\/4181\/revisions"}],"wp:attachment":[{"href":"https:\/\/vagas.portalemprego.com.br\/index.php?rest_route=%2Fwp%2Fv2%2Fmedia&parent=4181"}],"wp:term":[{"taxonomy":"category","embeddable":true,"href":"https:\/\/vagas.portalemprego.com.br\/index.php?rest_route=%2Fwp%2Fv2%2Fcategories&post=4181"},{"taxonomy":"post_tag","embeddable":true,"href":"https:\/\/vagas.portalemprego.com.br\/index.php?rest_route=%2Fwp%2Fv2%2Ftags&post=4181"}],"curies":[{"name":"wp","href":"https:\/\/api.w.org\/{rel}","templated":true}]}}