{"id":4192,"date":"2026-04-29T06:23:23","date_gmt":"2026-04-29T09:23:23","guid":{"rendered":"https:\/\/vagas.portalemprego.com.br\/?p=4192"},"modified":"2026-04-29T06:23:23","modified_gmt":"2026-04-29T09:23:23","slug":"vigilante-almocista-seguranca-araruama","status":"publish","type":"post","link":"https:\/\/vagas.portalemprego.com.br\/?p=4192","title":{"rendered":"Vigilante Almocista &#8211; Seguran\u00e7a &#8211; Araruama"},"content":{"rendered":"<p>Oportunidade: A Interfort Seguran\u00e7a de Valores busca um Vigilante Almocista para trabalhar em nosso cliente.<br \/>\nPosto: Agencia banc\u00e1ria<\/p>\n<p>Requisitos:<br \/>\nExperi\u00eancia como vigilante ou em fun\u00e7\u00f5es similares;<br \/>\nConhecimento em procedimentos de seguran\u00e7a;<br \/>\nCapacidade de trabalhar em turnos, incluindo almo\u00e7o;<br \/>\nBoa comunica\u00e7\u00e3o e capacidade de colabora\u00e7\u00e3o;<br \/>\nAtitude respons\u00e1vel e proativa.<\/p>\n<p>Reciclagem : deve ser estar em dia com a Pol\u00edcia Federal<\/p>\n<ul>\n<li>Local de trabalho: Araruama, RJ<\/li>\n<li>Regime de contrata\u00e7\u00e3o de tipo: Efetivo \u2013 CLT<\/li>\n<li>Jornada: Parcial tardes<\/li>\n<li>\u00c1rea e especializa\u00e7\u00e3o profissional: Seguran\u00e7a &#8211; Vigil\u00e2ncia<\/li>\n<li>N\u00edvel hier\u00e1rquico: Operacional<\/li>\n<\/ul>\n<p>Escolaridade M\u00ednima: Ensino M\u00e9dio (2\u00ba Grau)<\/p>\n","protected":false},"excerpt":{"rendered":"<p>Oportunidade: A Interfort Seguran\u00e7a de Valores busca um Vigilante Almocista para trabalhar em nosso cliente. Posto: Agencia banc\u00e1ria Requisitos: Experi\u00eancia como vigilante ou em fun\u00e7\u00f5es similares; Conhecimento em procedimentos de seguran\u00e7a; Capacidade de trabalhar em turnos, incluindo almo\u00e7o; Boa comunica\u00e7\u00e3o e capacidade de colabora\u00e7\u00e3o; Atitude respons\u00e1vel e proativa. Reciclagem : deve ser estar em dia [&hellip;]<\/p>\n","protected":false},"author":1,"featured_media":0,"comment_status":"open","ping_status":"open","sticky":false,"template":"","format":"standard","meta":{"footnotes":""},"categories":[21],"tags":[],"class_list":["post-4192","post","type-post","status-publish","format-standard","hentry","category-rio-de-janeiro-rj"],"_links":{"self":[{"href":"https:\/\/vagas.portalemprego.com.br\/index.php?rest_route=\/wp\/v2\/posts\/4192","targetHints":{"allow":["GET"]}}],"collection":[{"href":"https:\/\/vagas.portalemprego.com.br\/index.php?rest_route=\/wp\/v2\/posts"}],"about":[{"href":"https:\/\/vagas.portalemprego.com.br\/index.php?rest_route=\/wp\/v2\/types\/post"}],"author":[{"embeddable":true,"href":"https:\/\/vagas.portalemprego.com.br\/index.php?rest_route=\/wp\/v2\/users\/1"}],"replies":[{"embeddable":true,"href":"https:\/\/vagas.portalemprego.com.br\/index.php?rest_route=%2Fwp%2Fv2%2Fcomments&post=4192"}],"version-history":[{"count":0,"href":"https:\/\/vagas.portalemprego.com.br\/index.php?rest_route=\/wp\/v2\/posts\/4192\/revisions"}],"wp:attachment":[{"href":"https:\/\/vagas.portalemprego.com.br\/index.php?rest_route=%2Fwp%2Fv2%2Fmedia&parent=4192"}],"wp:term":[{"taxonomy":"category","embeddable":true,"href":"https:\/\/vagas.portalemprego.com.br\/index.php?rest_route=%2Fwp%2Fv2%2Fcategories&post=4192"},{"taxonomy":"post_tag","embeddable":true,"href":"https:\/\/vagas.portalemprego.com.br\/index.php?rest_route=%2Fwp%2Fv2%2Ftags&post=4192"}],"curies":[{"name":"wp","href":"https:\/\/api.w.org\/{rel}","templated":true}]}}