{"id":4193,"date":"2026-04-29T06:23:23","date_gmt":"2026-04-29T09:23:23","guid":{"rendered":"https:\/\/vagas.portalemprego.com.br\/?p=4193"},"modified":"2026-04-29T06:23:23","modified_gmt":"2026-04-29T09:23:23","slug":"governanta-hotelaria-turismo-rio-de-janeiro-2","status":"publish","type":"post","link":"https:\/\/vagas.portalemprego.com.br\/?p=4193","title":{"rendered":"Governanta &#8211; Hotelaria, Turismo &#8211; Rio de Janeiro"},"content":{"rendered":"<p>&#8220;Somos\u00a0a\u00a0BSL\u00a0Sa\u00fade,\u00a0a\u00a0maior\u00a0rede\u00a0de\u00a0cuidados\u00a0p\u00f3s-agudos\u00a0do\u00a0Brasil\u00a0e\u00a0atuamos\u00a0com\u00a0Residenciais\u00a0para\u00a0Idosos,\u00a0Cl\u00ednicas\u00a0de\u00a0Transi\u00e7\u00e3o\u00a0e\u00a0Home\u00a0Care.<br \/>\nAqui,\u00a0somos\u00a0especialistas\u00a0em\u00a0cuidados\u00a0humanizados\u00a0e\u00a0contamos\u00a0com\u00a0equipes\u00a0de\u00a0sa\u00fade\u00a0multidisciplinares,\u00a0que\u00a0garantem\u00a0uma\u00a0rela\u00e7\u00e3o\u00a0de\u00a0benef\u00edcio\u00a0para\u00a0quem\u00a0\u00e9\u00a0atendido,\u00a0seja\u00a0durante\u00a0um\u00a0processo\u00a0de\u00a0desospitaliza\u00e7\u00e3o\u00a0ou\u00a0por\u00a0uma\u00a0escolha\u00a0de\u00a0acesso\u00a0di\u00e1rio\u00a0a\u00a0cuidados\u00a0especializados.<br \/>\nSe\u00a0voc\u00ea\u00a0tem\u00a0valores\u00a0como\u00a0cuidado\u00a0humanizado\u00a0e\u00a0profissionalismo,\u00a0junte-se\u00a0a\u00a0n\u00f3s\u00a0pois\u00a0temos\u00a0a\u00a0vaga\u00a0certa\u00a0para\u00a0voc\u00ea!&#8221;<br \/>\nDescri\u00e7\u00e3o da vaga:<br \/>\n Responder diretamente \u00e0 Ger\u00eancia da unidade e \u00e0 Coordena\u00e7\u00e3o de Enfermagem, atuando de forma integrada \u00e0s diretrizes assistenciais e operacionais da ILPI.<br \/>\nGest\u00e3o das \u00c1reas Operacionais:<br \/>\n Coordenar e supervisionar as equipes de limpeza, rouparia, manuten\u00e7\u00e3o e recep\u00e7\u00e3o, assegurando o cumprimento das rotinas, protocolos institucionais, normas de higiene, organiza\u00e7\u00e3o e seguran\u00e7a.<br \/>\nGest\u00e3o de Escalas e Pessoas:<br \/>\n Elaborar, controlar e ajustar as escalas de trabalho dos colaboradores, garantindo cobertura adequada dos setores. Realizar feedbacks peri\u00f3dicos, acompanhamento de desempenho e orienta\u00e7\u00e3o da equipe, em alinhamento com a lideran\u00e7a.<br \/>\nGest\u00e3o de Atestados e Ocorr\u00eancias:<br \/>\n Receber, conferir e encaminhar atestados m\u00e9dicos, controlando aus\u00eancias, afastamentos e impactos na escala, conforme orienta\u00e7\u00f5es da Ger\u00eancia, Coordena\u00e7\u00e3o de Enfermagem e RH.<br \/>\nPlanejamento e Organiza\u00e7\u00e3o:<br \/>\n Planejar, organizar e acompanhar as rotinas di\u00e1rias das \u00e1reas sob sua responsabilidade, assegurando o bom funcionamento da unidade, o conforto dos residentes e a conserva\u00e7\u00e3o das instala\u00e7\u00f5es.<br \/>\nControle de Qualidade:<br \/>\n Realizar inspe\u00e7\u00f5es peri\u00f3dicas nas \u00e1reas comuns, apartamentos e setores operacionais, garantindo os padr\u00f5es de limpeza, organiza\u00e7\u00e3o, conserva\u00e7\u00e3o e apresenta\u00e7\u00e3o da institui\u00e7\u00e3o.<br \/>\nRouparia e Enxoval:<br \/>\n Gerenciar o controle, organiza\u00e7\u00e3o, distribui\u00e7\u00e3o e conserva\u00e7\u00e3o do enxoval institucional e dos residentes, zelando pelo uso adequado e reposi\u00e7\u00e3o quando necess\u00e1rio.<br \/>\nManuten\u00e7\u00e3o Predial:<br \/>\n Acompanhar demandas de manuten\u00e7\u00e3o preventiva e corretiva, acionando equipes internas e fornecedores, garantindo a seguran\u00e7a e o adequado funcionamento da estrutura f\u00edsica.<br \/>\nRecep\u00e7\u00e3o e Atendimento:<br \/>\n Supervisionar a equipe de recep\u00e7\u00e3o, garantindo atendimento cordial e organizado a residentes, familiares, visitantes e fornecedores, conforme os protocolos da ILPI.<br \/>\nGest\u00e3o de Materiais e Insumos:<br \/>\n Controlar estoques e apoiar a solicita\u00e7\u00e3o de materiais de limpeza, rouparia e manuten\u00e7\u00e3o, contribuindo para o uso racional de recursos.<br \/>\nIntegra\u00e7\u00e3o Interdisciplinar:<br \/>\n Atuar de forma integrada com a equipe multiprofissional, especialmente com a enfermagem, garantindo alinhamento entre as rotinas operacionais e o cuidado assistencial prestado aos residentes.<\/p>\n<ul>\n<li>Local de trabalho: Rio de Janeiro, RJ<\/li>\n<li>Regime de contrata\u00e7\u00e3o de tipo: Efetivo \u2013 CLT<\/li>\n<li>Jornada: Per\u00edodo Integral<\/li>\n<li>\u00c1rea e especializa\u00e7\u00e3o profissional: Hotelaria, Turismo &#8211; Hotelaria<\/li>\n<li>N\u00edvel hier\u00e1rquico: Operacional<\/li>\n<\/ul>\n<p>Escolaridade M\u00ednima: Ensino M\u00e9dio (2\u00ba Grau)<\/p>\n<ul>\n<li>Vale-alimenta\u00e7\u00e3o<\/li>\n<li>Assist\u00eancia m\u00e9dica<\/li>\n<li>Assist\u00eancia odontol\u00f3gica<\/li>\n<li>Seguro de Vida<\/li>\n<li>Refei\u00e7\u00e3o no local<\/li>\n<li>Vale-transporte<\/li>\n<\/ul>\n","protected":false},"excerpt":{"rendered":"<p>&#8220;Somos\u00a0a\u00a0BSL\u00a0Sa\u00fade,\u00a0a\u00a0maior\u00a0rede\u00a0de\u00a0cuidados\u00a0p\u00f3s-agudos\u00a0do\u00a0Brasil\u00a0e\u00a0atuamos\u00a0com\u00a0Residenciais\u00a0para\u00a0Idosos,\u00a0Cl\u00ednicas\u00a0de\u00a0Transi\u00e7\u00e3o\u00a0e\u00a0Home\u00a0Care. Aqui,\u00a0somos\u00a0especialistas\u00a0em\u00a0cuidados\u00a0humanizados\u00a0e\u00a0contamos\u00a0com\u00a0equipes\u00a0de\u00a0sa\u00fade\u00a0multidisciplinares,\u00a0que\u00a0garantem\u00a0uma\u00a0rela\u00e7\u00e3o\u00a0de\u00a0benef\u00edcio\u00a0para\u00a0quem\u00a0\u00e9\u00a0atendido,\u00a0seja\u00a0durante\u00a0um\u00a0processo\u00a0de\u00a0desospitaliza\u00e7\u00e3o\u00a0ou\u00a0por\u00a0uma\u00a0escolha\u00a0de\u00a0acesso\u00a0di\u00e1rio\u00a0a\u00a0cuidados\u00a0especializados. Se\u00a0voc\u00ea\u00a0tem\u00a0valores\u00a0como\u00a0cuidado\u00a0humanizado\u00a0e\u00a0profissionalismo,\u00a0junte-se\u00a0a\u00a0n\u00f3s\u00a0pois\u00a0temos\u00a0a\u00a0vaga\u00a0certa\u00a0para\u00a0voc\u00ea!&#8221; Descri\u00e7\u00e3o da vaga: Responder diretamente \u00e0 Ger\u00eancia da unidade e \u00e0 Coordena\u00e7\u00e3o de Enfermagem, atuando de forma integrada \u00e0s diretrizes assistenciais e operacionais da ILPI. Gest\u00e3o das \u00c1reas Operacionais: Coordenar e supervisionar as equipes de limpeza, rouparia, manuten\u00e7\u00e3o e recep\u00e7\u00e3o, assegurando o cumprimento das rotinas, protocolos institucionais, normas de higiene, organiza\u00e7\u00e3o e [&hellip;]<\/p>\n","protected":false},"author":1,"featured_media":0,"comment_status":"open","ping_status":"open","sticky":false,"template":"","format":"standard","meta":{"footnotes":""},"categories":[21],"tags":[],"class_list":["post-4193","post","type-post","status-publish","format-standard","hentry","category-rio-de-janeiro-rj"],"_links":{"self":[{"href":"https:\/\/vagas.portalemprego.com.br\/index.php?rest_route=\/wp\/v2\/posts\/4193","targetHints":{"allow":["GET"]}}],"collection":[{"href":"https:\/\/vagas.portalemprego.com.br\/index.php?rest_route=\/wp\/v2\/posts"}],"about":[{"href":"https:\/\/vagas.portalemprego.com.br\/index.php?rest_route=\/wp\/v2\/types\/post"}],"author":[{"embeddable":true,"href":"https:\/\/vagas.portalemprego.com.br\/index.php?rest_route=\/wp\/v2\/users\/1"}],"replies":[{"embeddable":true,"href":"https:\/\/vagas.portalemprego.com.br\/index.php?rest_route=%2Fwp%2Fv2%2Fcomments&post=4193"}],"version-history":[{"count":0,"href":"https:\/\/vagas.portalemprego.com.br\/index.php?rest_route=\/wp\/v2\/posts\/4193\/revisions"}],"wp:attachment":[{"href":"https:\/\/vagas.portalemprego.com.br\/index.php?rest_route=%2Fwp%2Fv2%2Fmedia&parent=4193"}],"wp:term":[{"taxonomy":"category","embeddable":true,"href":"https:\/\/vagas.portalemprego.com.br\/index.php?rest_route=%2Fwp%2Fv2%2Fcategories&post=4193"},{"taxonomy":"post_tag","embeddable":true,"href":"https:\/\/vagas.portalemprego.com.br\/index.php?rest_route=%2Fwp%2Fv2%2Ftags&post=4193"}],"curies":[{"name":"wp","href":"https:\/\/api.w.org\/{rel}","templated":true}]}}