{"id":4196,"date":"2026-04-29T06:24:24","date_gmt":"2026-04-29T09:24:24","guid":{"rendered":"https:\/\/vagas.portalemprego.com.br\/?p=4196"},"modified":"2026-04-29T06:24:24","modified_gmt":"2026-04-29T09:24:24","slug":"tecnico-de-campo-eletrica-usina-termoeletrica-macae-construcao-manutencao-macae","status":"publish","type":"post","link":"https:\/\/vagas.portalemprego.com.br\/?p=4196","title":{"rendered":"T\u00c9CNICO DE CAMPO EL\u00c9TRICA &#8211; Usina Termoel\u00e9trica Maca\u00e9 &#8211; Constru\u00e7\u00e3o, Manuten\u00e7\u00e3o &#8211; Maca\u00e9"},"content":{"rendered":"<p>VAGA ABERTA | T\u00c9CNICO DE CAMPO \u2013 EL\u00c9TRICA<br \/>\nUnidade de trabalho: Termoel\u00e9trica Maca\u00e9 \u2013 RJ<br \/>\nEstamos com 1 vaga aberta para T\u00e9cnico de Campo \u2013 El\u00e9trica, para atua\u00e7\u00e3o em suporte \u00e0 gest\u00e3o contratual (O&amp;M \u2013 Tipo 2), com foco na fiscaliza\u00e7\u00e3o de atividades el\u00e9tricas em UTEs da Petrobras.<br \/>\nAtividades<br \/>\nFiscaliza\u00e7\u00e3o t\u00e9cnica de servi\u00e7os el\u00e9tricos executados por empresas contratadas<br \/>\nAceite e reprova\u00e7\u00e3o de servi\u00e7os<br \/>\nElabora\u00e7\u00e3o de Boletins de Medi\u00e7\u00e3o (BM)<br \/>\nGest\u00e3o de evid\u00eancias e registros no SAP<br \/>\nEmiss\u00e3o de relat\u00f3rios t\u00e9cnicos e de n\u00e3o conformidades<br \/>\nParticipa\u00e7\u00e3o em reuni\u00f5es t\u00e9cnicas, de planejamento, SMS e an\u00e1lise de desvios<br \/>\nElabora\u00e7\u00e3o de ARs e gest\u00e3o de Permiss\u00f5es de Trabalho (PT)<br \/>\nPrincipais informa\u00e7\u00f5es da vaga<br \/>\nCargo: T\u00e9cnico de Campo \u2013 El\u00e9trica<br \/>\nCBO: 3131-05<br \/>\nLocal de trabalho: Maca\u00e9 \u2013 RJ<br \/>\nJornada: 44h semanais<br \/>\nSal\u00e1rio: R$ 2.582,00<br \/>\nAdicional: 30% de Periculosidade<br \/>\nTransporte fretado para os colaboradores<\/p>\n<ul>\n<li>Local de trabalho: Maca\u00e9, RJ<\/li>\n<li>Regime de contrata\u00e7\u00e3o de tipo: Efetivo \u2013 CLT<\/li>\n<li>Jornada: Per\u00edodo Integral<\/li>\n<li>\u00c1rea e especializa\u00e7\u00e3o profissional: Constru\u00e7\u00e3o, Manuten\u00e7\u00e3o &#8211; Manuten\u00e7\u00e3o El\u00e9trica<\/li>\n<li>N\u00edvel hier\u00e1rquico: Especialista<\/li>\n<\/ul>\n<p>VALORIZADO<\/p>\n<p>Tempo de experi\u00eancia: Entre 1 e 3 anos<\/p>\n<p>HABILIDADES<\/p>\n<ul>\n<li>Conhecimento avan\u00e7ado em CAD e pacote Office<\/li>\n<li>Boa comunica\u00e7\u00e3o oral e escrita<\/li>\n<li>Organiza\u00e7\u00e3o e an\u00e1lise de dados<\/li>\n<li>Registro ativo no CREA ou CFT<\/li>\n<li>Conhecimento em SAP<\/li>\n<li>Forma\u00e7\u00e3o em T\u00e9cnico em Eletrot\u00e9cnica ou \u00e1reas afins<\/li>\n<\/ul>\n<p>Escolaridade M\u00ednima: Curso T\u00e9cnico<\/p>\n<p>Forma\u00e7\u00e3o desejada:<\/p>\n<ul>\n<li>Eletrot\u00e9cnica, Curso T\u00e9cnico<\/li>\n<\/ul>\n<ul>\n<li>Conv\u00eanio Sesc<\/li>\n<li>Zenklub<\/li>\n<li>Gympass<\/li>\n<li>Vale alimenta\u00e7\u00e3o ou refei\u00e7\u00e3o (R$27,76)<\/li>\n<li>Plano de sa\u00fade<\/li>\n<li>Transporte fretado<\/li>\n<li>Plano dental<\/li>\n<\/ul>\n<p>Sal\u00e1rio: 2582,0<\/p>\n","protected":false},"excerpt":{"rendered":"<p>VAGA ABERTA | T\u00c9CNICO DE CAMPO \u2013 EL\u00c9TRICA Unidade de trabalho: Termoel\u00e9trica Maca\u00e9 \u2013 RJ Estamos com 1 vaga aberta para T\u00e9cnico de Campo \u2013 El\u00e9trica, para atua\u00e7\u00e3o em suporte \u00e0 gest\u00e3o contratual (O&amp;M \u2013 Tipo 2), com foco na fiscaliza\u00e7\u00e3o de atividades el\u00e9tricas em UTEs da Petrobras. Atividades Fiscaliza\u00e7\u00e3o t\u00e9cnica de servi\u00e7os el\u00e9tricos executados [&hellip;]<\/p>\n","protected":false},"author":1,"featured_media":0,"comment_status":"open","ping_status":"open","sticky":false,"template":"","format":"standard","meta":{"footnotes":""},"categories":[21],"tags":[],"class_list":["post-4196","post","type-post","status-publish","format-standard","hentry","category-rio-de-janeiro-rj"],"_links":{"self":[{"href":"https:\/\/vagas.portalemprego.com.br\/index.php?rest_route=\/wp\/v2\/posts\/4196","targetHints":{"allow":["GET"]}}],"collection":[{"href":"https:\/\/vagas.portalemprego.com.br\/index.php?rest_route=\/wp\/v2\/posts"}],"about":[{"href":"https:\/\/vagas.portalemprego.com.br\/index.php?rest_route=\/wp\/v2\/types\/post"}],"author":[{"embeddable":true,"href":"https:\/\/vagas.portalemprego.com.br\/index.php?rest_route=\/wp\/v2\/users\/1"}],"replies":[{"embeddable":true,"href":"https:\/\/vagas.portalemprego.com.br\/index.php?rest_route=%2Fwp%2Fv2%2Fcomments&post=4196"}],"version-history":[{"count":0,"href":"https:\/\/vagas.portalemprego.com.br\/index.php?rest_route=\/wp\/v2\/posts\/4196\/revisions"}],"wp:attachment":[{"href":"https:\/\/vagas.portalemprego.com.br\/index.php?rest_route=%2Fwp%2Fv2%2Fmedia&parent=4196"}],"wp:term":[{"taxonomy":"category","embeddable":true,"href":"https:\/\/vagas.portalemprego.com.br\/index.php?rest_route=%2Fwp%2Fv2%2Fcategories&post=4196"},{"taxonomy":"post_tag","embeddable":true,"href":"https:\/\/vagas.portalemprego.com.br\/index.php?rest_route=%2Fwp%2Fv2%2Ftags&post=4196"}],"curies":[{"name":"wp","href":"https:\/\/api.w.org\/{rel}","templated":true}]}}