{"id":4198,"date":"2026-04-29T06:24:24","date_gmt":"2026-04-29T09:24:24","guid":{"rendered":"https:\/\/vagas.portalemprego.com.br\/?p=4198"},"modified":"2026-04-29T06:24:24","modified_gmt":"2026-04-29T09:24:24","slug":"coordenador-de-logistica-logistica-rio-de-janeiro-3","status":"publish","type":"post","link":"https:\/\/vagas.portalemprego.com.br\/?p=4198","title":{"rendered":"Coordenador de Log\u00edstica &#8211; Log\u00edstica &#8211; Rio de Janeiro"},"content":{"rendered":"<p>Quem\u00a0Somos<br \/>\nA Alsco \u00e9 uma empresa global, refer\u00eancia em servi\u00e7os profissionais de loca\u00e7\u00e3o, higieniza\u00e7\u00e3o e gest\u00e3o de uniformes, toalhas e EPIs. Fundada em 1889 em Nebraska e presente no Brasil desde 1944, contamos com 15 unidades em 12 estados, expandindo nossa atua\u00e7\u00e3o para as Am\u00e9ricas, Europa, \u00c1sia e Oceania. Nossa opera\u00e7\u00e3o \u00e9 guiada por excel\u00eancia, inova\u00e7\u00e3o, sustentabilidade e foco nas pessoas.<br \/>\nO Que Buscamos<br \/>\nBuscamos um(a) Coordenador(a) de Log\u00edstica com s\u00f3lida experi\u00eancia em opera\u00e7\u00f5es log\u00edsticas, gest\u00e3o de equipes e controle de custos. Este(a) profissional ser\u00e1 respons\u00e1vel pela coordena\u00e7\u00e3o das atividades do departamento de log\u00edstica, com foco na gest\u00e3o da equipe, otimiza\u00e7\u00e3o dos processos de transporte e garantia da efici\u00eancia nas entregas, assegurando o cumprimento das normas, procedimentos internos e padr\u00f5es de qualidade da empresa.<br \/>\nPrincipais Responsabilidades<br \/>\n\u2022 Coordenar as atividades do departamento de log\u00edstica, garantindo alinhamento com as pol\u00edticas e procedimentos internos.<br \/>\n \u2022 Gerir a equipe log\u00edstica (motoristas, ajudantes e\/ou equipe operacional), assegurando desempenho, produtividade e engajamento.<br \/>\n \u2022 Planejar, acompanhar e otimizar os processos de transporte, coleta e distribui\u00e7\u00e3o.<br \/>\n \u2022 Controlar os custos log\u00edsticos, identificando oportunidades de redu\u00e7\u00e3o e melhoria de efici\u00eancia.<br \/>\n \u2022 Garantir o cumprimento dos prazos de entrega e coleta, mantendo o n\u00edvel de servi\u00e7o acordado com os clientes.<br \/>\n \u2022 Acompanhar e analisar indicadores de desempenho (KPIs) da \u00e1rea.<br \/>\n \u2022 Assegurar o cumprimento das normas de seguran\u00e7a, qualidade e legisla\u00e7\u00e3o vigente.<br \/>\n \u2022 Atuar de forma integrada com \u00e1reas internas, apoiando a opera\u00e7\u00e3o e a implanta\u00e7\u00e3o de novos clientes.<br \/>\n \u2022 Monitorar a conserva\u00e7\u00e3o e disponibilidade da frota, acompanhando manuten\u00e7\u00f5es preventivas e corretivas.<br \/>\n \u2022 Elaborar relat\u00f3rios gerenciais e apresentar resultados da \u00e1rea.<br \/>\nRequisitos<br \/>\n\u2022 Ensino Superior completo em Log\u00edstica, Administra\u00e7\u00e3o, Engenharia ou \u00e1reas correlatas.<br \/>\n \u2022 Experi\u00eancia pr\u00e9via em coordena\u00e7\u00e3o ou supervis\u00e3o de opera\u00e7\u00f5es log\u00edsticas.<br \/>\n \u2022 Viv\u00eancia com gest\u00e3o de equipes operacionais e controle de custos.<br \/>\n \u2022 Conhecimento em transporte, distribui\u00e7\u00e3o e otimiza\u00e7\u00e3o de processos log\u00edsticos.<\/p>\n<ul>\n<li>Local de trabalho: Rio de Janeiro, RJ<\/li>\n<li>Regime de contrata\u00e7\u00e3o de tipo: Efetivo \u2013 CLT<\/li>\n<li>Jornada: Per\u00edodo Integral<\/li>\n<li>\u00c1rea e especializa\u00e7\u00e3o profissional: Log\u00edstica &#8211; Log\u00edstica<\/li>\n<li>N\u00edvel hier\u00e1rquico: Coordenador<\/li>\n<\/ul>\n<p>VALORIZADO<\/p>\n<p>Tempo de experi\u00eancia: Entre 3 e 5 anos<\/p>\n<p>HABILIDADES<\/p>\n<ul>\n<li>Conhecimento b\u00e1sico de mec\u00e2nica automotiva<\/li>\n<li>Conhecimento em pacote office<\/li>\n<\/ul>\n<p>Escolaridade M\u00ednima: Ensino Superior<\/p>\n<p>Habilita\u00e7\u00e3o para dirigir: B, D, E<\/p>\n<p>Disponibilidade para viajar<\/p>\n<ul>\n<li>Vale-transporte<\/li>\n<li>Vale-alimenta\u00e7\u00e3o<\/li>\n<li>Vale-refei\u00e7\u00e3o<\/li>\n<li>Total Pass<\/li>\n<li>Seguro de vida<\/li>\n<li>Previd\u00eancia Privada<\/li>\n<li>Assist\u00eancia odontol\u00f3gica<\/li>\n<li>Assist\u00eancia m\u00e9dica<\/li>\n<li>Aux\u00edlio educa\u00e7\u00e3o (ap\u00f3s 1 ano)<\/li>\n<\/ul>\n<p>Sal\u00e1rio: 6300,0<\/p>\n","protected":false},"excerpt":{"rendered":"<p>Quem\u00a0Somos A Alsco \u00e9 uma empresa global, refer\u00eancia em servi\u00e7os profissionais de loca\u00e7\u00e3o, higieniza\u00e7\u00e3o e gest\u00e3o de uniformes, toalhas e EPIs. Fundada em 1889 em Nebraska e presente no Brasil desde 1944, contamos com 15 unidades em 12 estados, expandindo nossa atua\u00e7\u00e3o para as Am\u00e9ricas, Europa, \u00c1sia e Oceania. Nossa opera\u00e7\u00e3o \u00e9 guiada por excel\u00eancia, [&hellip;]<\/p>\n","protected":false},"author":1,"featured_media":0,"comment_status":"open","ping_status":"open","sticky":false,"template":"","format":"standard","meta":{"footnotes":""},"categories":[21],"tags":[],"class_list":["post-4198","post","type-post","status-publish","format-standard","hentry","category-rio-de-janeiro-rj"],"_links":{"self":[{"href":"https:\/\/vagas.portalemprego.com.br\/index.php?rest_route=\/wp\/v2\/posts\/4198","targetHints":{"allow":["GET"]}}],"collection":[{"href":"https:\/\/vagas.portalemprego.com.br\/index.php?rest_route=\/wp\/v2\/posts"}],"about":[{"href":"https:\/\/vagas.portalemprego.com.br\/index.php?rest_route=\/wp\/v2\/types\/post"}],"author":[{"embeddable":true,"href":"https:\/\/vagas.portalemprego.com.br\/index.php?rest_route=\/wp\/v2\/users\/1"}],"replies":[{"embeddable":true,"href":"https:\/\/vagas.portalemprego.com.br\/index.php?rest_route=%2Fwp%2Fv2%2Fcomments&post=4198"}],"version-history":[{"count":0,"href":"https:\/\/vagas.portalemprego.com.br\/index.php?rest_route=\/wp\/v2\/posts\/4198\/revisions"}],"wp:attachment":[{"href":"https:\/\/vagas.portalemprego.com.br\/index.php?rest_route=%2Fwp%2Fv2%2Fmedia&parent=4198"}],"wp:term":[{"taxonomy":"category","embeddable":true,"href":"https:\/\/vagas.portalemprego.com.br\/index.php?rest_route=%2Fwp%2Fv2%2Fcategories&post=4198"},{"taxonomy":"post_tag","embeddable":true,"href":"https:\/\/vagas.portalemprego.com.br\/index.php?rest_route=%2Fwp%2Fv2%2Ftags&post=4198"}],"curies":[{"name":"wp","href":"https:\/\/api.w.org\/{rel}","templated":true}]}}