{"id":4201,"date":"2026-04-29T06:24:24","date_gmt":"2026-04-29T09:24:24","guid":{"rendered":"https:\/\/vagas.portalemprego.com.br\/?p=4201"},"modified":"2026-04-29T06:24:24","modified_gmt":"2026-04-29T09:24:24","slug":"analista-de-departamento-pessoal-recursos-humanos-rio-de-janeiro-7","status":"publish","type":"post","link":"https:\/\/vagas.portalemprego.com.br\/?p=4201","title":{"rendered":"Analista de Departamento Pessoal &#8211; Recursos Humanos &#8211; Rio de Janeiro"},"content":{"rendered":"<p>Analista de departamento pessoal com experiencia em admiss\u00e3o e rescis\u00e3o,  fechamento de folha de pagamento, impostos, e-social, legisla\u00e7\u00e3o trabalhista, calculo de rescis\u00e3o, coven\u00e7\u00e3o sindical e relatorios gerenciais.<br \/>\nCONHECIMENTO SOLIDO DA AEREA E IMPRESCINDIVEL CONHECIMENTO NO SISTEMA TOTVS RM LABORE<\/p>\n<ul>\n<li>Local de trabalho: Rio de Janeiro, RJ<\/li>\n<li>Regime de contrata\u00e7\u00e3o de tipo: Efetivo \u2013 CLT<\/li>\n<li>Jornada: Per\u00edodo Integral<\/li>\n<li>\u00c1rea e especializa\u00e7\u00e3o profissional: Recursos Humanos &#8211; Departamento Pessoal<\/li>\n<li>N\u00edvel hier\u00e1rquico: Analista<\/li>\n<\/ul>\n<p>VALORIZADO<\/p>\n<p>Tempo de experi\u00eancia: Entre 5 e 10 anos<\/p>\n<p>HABILIDADES<\/p>\n<ul>\n<li>PRO ATIVO, LIDERAN\u00c7A E SOFTWARE TOTVS RM LABORE<\/li>\n<\/ul>\n<p>Escolaridade M\u00ednima: Ensino Superior<\/p>\n<p>Disponibilidade para viajar<\/p>\n<p>Sal\u00e1rio: 6500,0<\/p>\n","protected":false},"excerpt":{"rendered":"<p>Analista de departamento pessoal com experiencia em admiss\u00e3o e rescis\u00e3o, fechamento de folha de pagamento, impostos, e-social, legisla\u00e7\u00e3o trabalhista, calculo de rescis\u00e3o, coven\u00e7\u00e3o sindical e relatorios gerenciais. CONHECIMENTO SOLIDO DA AEREA E IMPRESCINDIVEL CONHECIMENTO NO SISTEMA TOTVS RM LABORE Local de trabalho: Rio de Janeiro, RJ Regime de contrata\u00e7\u00e3o de tipo: Efetivo \u2013 CLT Jornada: [&hellip;]<\/p>\n","protected":false},"author":1,"featured_media":0,"comment_status":"open","ping_status":"open","sticky":false,"template":"","format":"standard","meta":{"footnotes":""},"categories":[21],"tags":[],"class_list":["post-4201","post","type-post","status-publish","format-standard","hentry","category-rio-de-janeiro-rj"],"_links":{"self":[{"href":"https:\/\/vagas.portalemprego.com.br\/index.php?rest_route=\/wp\/v2\/posts\/4201","targetHints":{"allow":["GET"]}}],"collection":[{"href":"https:\/\/vagas.portalemprego.com.br\/index.php?rest_route=\/wp\/v2\/posts"}],"about":[{"href":"https:\/\/vagas.portalemprego.com.br\/index.php?rest_route=\/wp\/v2\/types\/post"}],"author":[{"embeddable":true,"href":"https:\/\/vagas.portalemprego.com.br\/index.php?rest_route=\/wp\/v2\/users\/1"}],"replies":[{"embeddable":true,"href":"https:\/\/vagas.portalemprego.com.br\/index.php?rest_route=%2Fwp%2Fv2%2Fcomments&post=4201"}],"version-history":[{"count":0,"href":"https:\/\/vagas.portalemprego.com.br\/index.php?rest_route=\/wp\/v2\/posts\/4201\/revisions"}],"wp:attachment":[{"href":"https:\/\/vagas.portalemprego.com.br\/index.php?rest_route=%2Fwp%2Fv2%2Fmedia&parent=4201"}],"wp:term":[{"taxonomy":"category","embeddable":true,"href":"https:\/\/vagas.portalemprego.com.br\/index.php?rest_route=%2Fwp%2Fv2%2Fcategories&post=4201"},{"taxonomy":"post_tag","embeddable":true,"href":"https:\/\/vagas.portalemprego.com.br\/index.php?rest_route=%2Fwp%2Fv2%2Ftags&post=4201"}],"curies":[{"name":"wp","href":"https:\/\/api.w.org\/{rel}","templated":true}]}}