{"id":4202,"date":"2026-04-29T06:24:24","date_gmt":"2026-04-29T09:24:24","guid":{"rendered":"https:\/\/vagas.portalemprego.com.br\/?p=4202"},"modified":"2026-04-29T06:24:24","modified_gmt":"2026-04-29T09:24:24","slug":"enfermeiroa-auditora-jr-saude-macae","status":"publish","type":"post","link":"https:\/\/vagas.portalemprego.com.br\/?p=4202","title":{"rendered":"Enfermeiro(a) Auditor(a) Jr &#8211; Sa\u00fade &#8211; Maca\u00e9"},"content":{"rendered":"<p>Estamos em busca de um(a) &#8220;Enfermeiro(a) Auditor(a) Jr&#8221; para atuar na organiza\u00e7\u00e3o, avalia\u00e7\u00e3o, valida\u00e7\u00e3o e emiss\u00e3o de pareceres t\u00e9cnicos sobre servi\u00e7os de Auditoria de Enfermagem. Este profissional tamb\u00e9m ser\u00e1 respons\u00e1vel por prestar consultoria e participar ativamente de processos de Auditoria, tanto interna quanto externa.<\/p>\n<p>Principais Responsabilidades:<\/p>\n<p>&#8211; Realizar auditoria de contas m\u00e9dicas (ambulatoriais, interna\u00e7\u00f5es cl\u00ednicas e cir\u00fargicas), verificando a coer\u00eancia das cobran\u00e7as, autoriza\u00e7\u00e3o pr\u00e9via e glosando lan\u00e7amentos indevidos;<\/p>\n<p>&#8211; Prestar suporte t\u00e9cnico e administrativo \u00e0 equipe de Auditoria Prospectiva, atuando em conjunto com os m\u00e9dicos auditores;<\/p>\n<p>&#8211; Atualizar relat\u00f3rios mensais relacionados \u00e0 auditoria da rede credenciada e cooperados, incluindo glosas e recursos;<\/p>\n<p>&#8211; Realizar auditorias externas in loco em prestadores da rede credenciada;<\/p>\n<p>&#8211; Elaborar relat\u00f3rios t\u00e9cnicos de auditoria e acompanhar a produ\u00e7\u00e3o m\u00e9dica dos prestadores credenciados.<\/p>\n<p>Requisitos:<\/p>\n<p>&#8211; Forma\u00e7\u00e3o completa em Enfermagem com registro ativo no COREN;<\/p>\n<p>&#8211; Conhecimento sobre normativas da ANS e tabelas de cobran\u00e7a (CBHPM, TUSS, etc.);<\/p>\n<p>&#8211; Boa comunica\u00e7\u00e3o, perfil anal\u00edtico e aten\u00e7\u00e3o aos detalhes;<\/p>\n<p>&#8211; Disponibilidade para visitas externas (auditorias in loco).<\/p>\n<p>Diferenciais:<\/p>\n<p>&#8211; P\u00f3s-gradua\u00e7\u00e3o em Auditoria em Sa\u00fade, Gest\u00e3o Hospitalar ou \u00e1reas correlatas;<\/p>\n<p>&#8211; Viv\u00eancia com sistemas de gest\u00e3o hospitalar e plataformas de auditoria;<\/p>\n<p>&#8211; Experi\u00eancia comprovada em auditoria de enfermagem, especialmente em contas m\u00e9dicas hospitalares e ambulatoriais;<\/p>\n<p>As oportunidades da Unimed Costa do Sol tamb\u00e9m s\u00e3o estendidas para Pessoas com Defici\u00eancia (PCD\u2019s).<\/p>\n<ul>\n<li>Local de trabalho: Maca\u00e9, RJ<\/li>\n<li>Regime de contrata\u00e7\u00e3o de tipo: Efetivo \u2013 CLT<\/li>\n<li>Jornada: Per\u00edodo Integral<\/li>\n<li>\u00c1rea e especializa\u00e7\u00e3o profissional: Sa\u00fade &#8211; Enfermagem<\/li>\n<li>N\u00edvel hier\u00e1rquico: Analista<\/li>\n<\/ul>\n<p>Escolaridade M\u00ednima: Ensino Superior<\/p>\n<ul>\n<li>Wellhub<\/li>\n<li>Programa de Apoio ao Empregado &#8211; PAE<\/li>\n<li>Day Off Anivers\u00e1rio<\/li>\n<li>Aux\u00edlio Educa\u00e7\u00e3o<\/li>\n<li>Vale Transporte<\/li>\n<li>Plano de Sa\u00fade<\/li>\n<li>Vale Alimenta\u00e7\u00e3o\/Refei\u00e7\u00e3o (Flex)<\/li>\n<\/ul>\n","protected":false},"excerpt":{"rendered":"<p>Estamos em busca de um(a) &#8220;Enfermeiro(a) Auditor(a) Jr&#8221; para atuar na organiza\u00e7\u00e3o, avalia\u00e7\u00e3o, valida\u00e7\u00e3o e emiss\u00e3o de pareceres t\u00e9cnicos sobre servi\u00e7os de Auditoria de Enfermagem. Este profissional tamb\u00e9m ser\u00e1 respons\u00e1vel por prestar consultoria e participar ativamente de processos de Auditoria, tanto interna quanto externa. Principais Responsabilidades: &#8211; Realizar auditoria de contas m\u00e9dicas (ambulatoriais, interna\u00e7\u00f5es cl\u00ednicas [&hellip;]<\/p>\n","protected":false},"author":1,"featured_media":0,"comment_status":"open","ping_status":"open","sticky":false,"template":"","format":"standard","meta":{"footnotes":""},"categories":[21],"tags":[],"class_list":["post-4202","post","type-post","status-publish","format-standard","hentry","category-rio-de-janeiro-rj"],"_links":{"self":[{"href":"https:\/\/vagas.portalemprego.com.br\/index.php?rest_route=\/wp\/v2\/posts\/4202","targetHints":{"allow":["GET"]}}],"collection":[{"href":"https:\/\/vagas.portalemprego.com.br\/index.php?rest_route=\/wp\/v2\/posts"}],"about":[{"href":"https:\/\/vagas.portalemprego.com.br\/index.php?rest_route=\/wp\/v2\/types\/post"}],"author":[{"embeddable":true,"href":"https:\/\/vagas.portalemprego.com.br\/index.php?rest_route=\/wp\/v2\/users\/1"}],"replies":[{"embeddable":true,"href":"https:\/\/vagas.portalemprego.com.br\/index.php?rest_route=%2Fwp%2Fv2%2Fcomments&post=4202"}],"version-history":[{"count":0,"href":"https:\/\/vagas.portalemprego.com.br\/index.php?rest_route=\/wp\/v2\/posts\/4202\/revisions"}],"wp:attachment":[{"href":"https:\/\/vagas.portalemprego.com.br\/index.php?rest_route=%2Fwp%2Fv2%2Fmedia&parent=4202"}],"wp:term":[{"taxonomy":"category","embeddable":true,"href":"https:\/\/vagas.portalemprego.com.br\/index.php?rest_route=%2Fwp%2Fv2%2Fcategories&post=4202"},{"taxonomy":"post_tag","embeddable":true,"href":"https:\/\/vagas.portalemprego.com.br\/index.php?rest_route=%2Fwp%2Fv2%2Ftags&post=4202"}],"curies":[{"name":"wp","href":"https:\/\/api.w.org\/{rel}","templated":true}]}}