{"id":4207,"date":"2026-04-29T06:24:24","date_gmt":"2026-04-29T09:24:24","guid":{"rendered":"https:\/\/vagas.portalemprego.com.br\/?p=4207"},"modified":"2026-04-29T06:24:24","modified_gmt":"2026-04-29T09:24:24","slug":"analista-de-planejamento-de-demanda-i-administracao-rio-de-janeiro","status":"publish","type":"post","link":"https:\/\/vagas.portalemprego.com.br\/?p=4207","title":{"rendered":"Analista de Planejamento de Demanda I &#8211; Administra\u00e7\u00e3o &#8211; Rio de Janeiro"},"content":{"rendered":"<p>Responsabilidades do cargo<br \/>\nAgenda e programa\u00e7\u00e3o de compra para o CD + lojas<br \/>\nAcompanhamento do or\u00e7amento de compras (PME)<br \/>\nForecasting promocional<br \/>\nAn\u00e1lise do marketshare e oportunidades de venda<br \/>\nRealizar an\u00e1lise de dados<br \/>\nNecess\u00e1rio<br \/>\nEnsino Superior completo em Administra\u00e7\u00e3o\/Economia\/Engenharia de Produ\u00e7\u00e3o e afins<br \/>\nExperiencias anteriores nos setores de Planejamento de demanda ou S&amp;OP ou Gest\u00e3o de estoque<br \/>\nExcel avan\u00e7ado<br \/>\nPower BI &#8211; B\u00e1sico<br \/>\nFerramentas Estat\u00edsticas<br \/>\nFerramenta de previs\u00e3o de venda e demanda<br \/>\nBenef\u00edcios<br \/>\nVale Transporte<br \/>\nVale Refei\u00e7\u00e3o<br \/>\nConv\u00eanio com Institui\u00e7\u00f5es de Ensino<br \/>\nCesta b\u00e1sica<br \/>\nAssist\u00eancia M\u00e9dica<br \/>\nAssist\u00eancia Odontol\u00f3gica<br \/>\nTotal Pass<br \/>\nJornada de Trabalho<br \/>\nPresencial<br \/>\n44 horas semanais<br \/>\nEtapas do Processo<br \/>\nCadastro<br \/>\nEntrevista com o Recrutador<br \/>\nEntrevista com a Gest\u00e3o<br \/>\nProposta e ASO<br \/>\nContrata\u00e7\u00e3o<\/p>\n<ul>\n<li>N\u00famero de vagas: 2<\/li>\n<li>Local de trabalho: Rio de Janeiro, RJ<\/li>\n<li>Regime de contrata\u00e7\u00e3o de tipo: Efetivo \u2013 CLT<\/li>\n<li>Jornada: Per\u00edodo Integral<\/li>\n<li>\u00c1rea e especializa\u00e7\u00e3o profissional: Administra\u00e7\u00e3o &#8211; Administra\u00e7\u00e3o Geral<\/li>\n<li>N\u00edvel hier\u00e1rquico: Analista<\/li>\n<\/ul>\n<p>VALORIZADO<\/p>\n<p>Tempo de experi\u00eancia: Entre 3 e 5 anos<\/p>\n<p>Escolaridade M\u00ednima: Ensino Superior<\/p>\n","protected":false},"excerpt":{"rendered":"<p>Responsabilidades do cargo Agenda e programa\u00e7\u00e3o de compra para o CD + lojas Acompanhamento do or\u00e7amento de compras (PME) Forecasting promocional An\u00e1lise do marketshare e oportunidades de venda Realizar an\u00e1lise de dados Necess\u00e1rio Ensino Superior completo em Administra\u00e7\u00e3o\/Economia\/Engenharia de Produ\u00e7\u00e3o e afins Experiencias anteriores nos setores de Planejamento de demanda ou S&amp;OP ou Gest\u00e3o de [&hellip;]<\/p>\n","protected":false},"author":1,"featured_media":0,"comment_status":"open","ping_status":"open","sticky":false,"template":"","format":"standard","meta":{"footnotes":""},"categories":[21],"tags":[],"class_list":["post-4207","post","type-post","status-publish","format-standard","hentry","category-rio-de-janeiro-rj"],"_links":{"self":[{"href":"https:\/\/vagas.portalemprego.com.br\/index.php?rest_route=\/wp\/v2\/posts\/4207","targetHints":{"allow":["GET"]}}],"collection":[{"href":"https:\/\/vagas.portalemprego.com.br\/index.php?rest_route=\/wp\/v2\/posts"}],"about":[{"href":"https:\/\/vagas.portalemprego.com.br\/index.php?rest_route=\/wp\/v2\/types\/post"}],"author":[{"embeddable":true,"href":"https:\/\/vagas.portalemprego.com.br\/index.php?rest_route=\/wp\/v2\/users\/1"}],"replies":[{"embeddable":true,"href":"https:\/\/vagas.portalemprego.com.br\/index.php?rest_route=%2Fwp%2Fv2%2Fcomments&post=4207"}],"version-history":[{"count":0,"href":"https:\/\/vagas.portalemprego.com.br\/index.php?rest_route=\/wp\/v2\/posts\/4207\/revisions"}],"wp:attachment":[{"href":"https:\/\/vagas.portalemprego.com.br\/index.php?rest_route=%2Fwp%2Fv2%2Fmedia&parent=4207"}],"wp:term":[{"taxonomy":"category","embeddable":true,"href":"https:\/\/vagas.portalemprego.com.br\/index.php?rest_route=%2Fwp%2Fv2%2Fcategories&post=4207"},{"taxonomy":"post_tag","embeddable":true,"href":"https:\/\/vagas.portalemprego.com.br\/index.php?rest_route=%2Fwp%2Fv2%2Ftags&post=4207"}],"curies":[{"name":"wp","href":"https:\/\/api.w.org\/{rel}","templated":true}]}}