{"id":4213,"date":"2026-04-29T06:24:24","date_gmt":"2026-04-29T09:24:24","guid":{"rendered":"https:\/\/vagas.portalemprego.com.br\/?p=4213"},"modified":"2026-04-29T06:24:24","modified_gmt":"2026-04-29T09:24:24","slug":"assistente-administrativo-administracao-rio-de-janeiro-11","status":"publish","type":"post","link":"https:\/\/vagas.portalemprego.com.br\/?p=4213","title":{"rendered":"Assistente Administrativo &#8211; Administra\u00e7\u00e3o &#8211; Rio de Janeiro"},"content":{"rendered":"<p>Atendimento a clientes internos e externos por diversos canais (presencial, telefone e e-mail), oferecendo solu\u00e7\u00f5es \u00e1geis e eficazes. Realiza\u00e7\u00e3o de visitas di\u00e1rias a pacientes internados que registraram reclama\u00e7\u00f5es, acompanhamento de atendimentos e aplica\u00e7\u00e3o de pesquisas de satisfa\u00e7\u00e3o. Abertura e acompanhamento de chamados, articula\u00e7\u00e3o com diferentes \u00e1reas da institui\u00e7\u00e3o e elabora\u00e7\u00e3o de respostas conforme rotinas internas.<br \/>\nRespons\u00e1vel por orientar usu\u00e1rios sobre direitos e deveres, manter a ger\u00eancia informada sobre reclama\u00e7\u00f5es, elogios e sugest\u00f5es, elaborar indicadores de monitoramento e executar atividades administrativas diversas. Atua\u00e7\u00e3o na gest\u00e3o de manifesta\u00e7\u00f5es em canais internos e externos, incluindo PROCON, Reclame Aqui, redes sociais e site institucional. Participa\u00e7\u00e3o em comunica\u00e7\u00f5es ativas com familiares quando necess\u00e1rio e manuten\u00e7\u00e3o de sigilo sobre todas as informa\u00e7\u00f5es tratadas.<\/p>\n<ul>\n<li>Local de trabalho: Rio de Janeiro, RJ<\/li>\n<li>Regime de contrata\u00e7\u00e3o de tipo: Efetivo \u2013 CLT<\/li>\n<li>Jornada: Per\u00edodo Integral<\/li>\n<li>\u00c1rea e especializa\u00e7\u00e3o profissional: Administra\u00e7\u00e3o &#8211; Administra\u00e7\u00e3o Geral<\/li>\n<li>N\u00edvel hier\u00e1rquico: Operacional<\/li>\n<\/ul>\n<p>Escolaridade M\u00ednima: Ensino M\u00e9dio (2\u00ba Grau)<\/p>\n","protected":false},"excerpt":{"rendered":"<p>Atendimento a clientes internos e externos por diversos canais (presencial, telefone e e-mail), oferecendo solu\u00e7\u00f5es \u00e1geis e eficazes. Realiza\u00e7\u00e3o de visitas di\u00e1rias a pacientes internados que registraram reclama\u00e7\u00f5es, acompanhamento de atendimentos e aplica\u00e7\u00e3o de pesquisas de satisfa\u00e7\u00e3o. Abertura e acompanhamento de chamados, articula\u00e7\u00e3o com diferentes \u00e1reas da institui\u00e7\u00e3o e elabora\u00e7\u00e3o de respostas conforme rotinas internas. [&hellip;]<\/p>\n","protected":false},"author":1,"featured_media":0,"comment_status":"open","ping_status":"open","sticky":false,"template":"","format":"standard","meta":{"footnotes":""},"categories":[21],"tags":[],"class_list":["post-4213","post","type-post","status-publish","format-standard","hentry","category-rio-de-janeiro-rj"],"_links":{"self":[{"href":"https:\/\/vagas.portalemprego.com.br\/index.php?rest_route=\/wp\/v2\/posts\/4213","targetHints":{"allow":["GET"]}}],"collection":[{"href":"https:\/\/vagas.portalemprego.com.br\/index.php?rest_route=\/wp\/v2\/posts"}],"about":[{"href":"https:\/\/vagas.portalemprego.com.br\/index.php?rest_route=\/wp\/v2\/types\/post"}],"author":[{"embeddable":true,"href":"https:\/\/vagas.portalemprego.com.br\/index.php?rest_route=\/wp\/v2\/users\/1"}],"replies":[{"embeddable":true,"href":"https:\/\/vagas.portalemprego.com.br\/index.php?rest_route=%2Fwp%2Fv2%2Fcomments&post=4213"}],"version-history":[{"count":0,"href":"https:\/\/vagas.portalemprego.com.br\/index.php?rest_route=\/wp\/v2\/posts\/4213\/revisions"}],"wp:attachment":[{"href":"https:\/\/vagas.portalemprego.com.br\/index.php?rest_route=%2Fwp%2Fv2%2Fmedia&parent=4213"}],"wp:term":[{"taxonomy":"category","embeddable":true,"href":"https:\/\/vagas.portalemprego.com.br\/index.php?rest_route=%2Fwp%2Fv2%2Fcategories&post=4213"},{"taxonomy":"post_tag","embeddable":true,"href":"https:\/\/vagas.portalemprego.com.br\/index.php?rest_route=%2Fwp%2Fv2%2Ftags&post=4213"}],"curies":[{"name":"wp","href":"https:\/\/api.w.org\/{rel}","templated":true}]}}