{"id":4216,"date":"2026-04-29T06:24:24","date_gmt":"2026-04-29T09:24:24","guid":{"rendered":"https:\/\/vagas.portalemprego.com.br\/?p=4216"},"modified":"2026-04-29T06:24:24","modified_gmt":"2026-04-29T09:24:24","slug":"costureiro-a-moda-rio-de-janeiro-2","status":"publish","type":"post","link":"https:\/\/vagas.portalemprego.com.br\/?p=4216","title":{"rendered":"Costureiro (a) &#8211; Moda &#8211; Rio de Janeiro"},"content":{"rendered":"<p>Costureira &#8211; Botafogo\/RJ<\/p>\n<p>Nosso cliente \u00e9 uma empresa \u00e9 especializada na produ\u00e7\u00e3o de roupas para beb\u00eas e moda infantil dos 0 at\u00e9 os 6 anos!<\/p>\n<p>Voc\u00ea ser\u00e1 respons\u00e1vel por trabalhar com a m\u00e1quina de costura Overloque ou Reta (a depender da sua especialidade), recebendo diferentes tipos de pe\u00e7as para serem produzidas.<\/p>\n<p>FUN\u00c7\u00d5ES<\/p>\n<p>&#8211; Uso da m\u00e1quina Overloque ou Reta (a depender da sua especialidade) para montagem de roupas de beb\u00ea\/moda infantil.<\/p>\n<p>DETALHES<\/p>\n<p>&#8211; Faixa de remunera\u00e7\u00e3o: R$1.630,52 fixo + Comiss\u00e3o vari\u00e1vel extra de R$ 250,00 at\u00e9 R$ 800,00<\/p>\n<p>&#8211; Carga hor\u00e1ria: Segunda \u00e0 sexta, de 8h \u00e0s 18h (1 hora de almo\u00e7o)<\/p>\n<p>&#8211; Local da vaga: Presencial, Botafogo &#8211; no Rio de Janeiro-RJ<\/p>\n<p>&#8211; Regime de contrata\u00e7\u00e3o: CLT.<\/p>\n<p>&#8211; Benef\u00edcios: Vale Transporte.<\/p>\n<p>&#8211; In\u00edcio previsto: Imediato.<\/p>\n<p>Enviar seu curr\u00edculo para contato@pluralrh.com.br<\/p>\n<p>Ou entrar em contato com a Priscila Fagundes (21) 9 69936821<\/p>\n<ul>\n<li>N\u00famero de vagas: 2<\/li>\n<li>Local de trabalho: Rio de Janeiro, RJ<\/li>\n<li>Regime de contrata\u00e7\u00e3o de tipo: Efetivo \u2013 CLT<\/li>\n<li>Jornada: Per\u00edodo Integral<\/li>\n<li>\u00c1rea e especializa\u00e7\u00e3o profissional: Moda &#8211; Costura<\/li>\n<li>N\u00edvel hier\u00e1rquico: Operacional<\/li>\n<\/ul>\n<p>HABILIDADES<\/p>\n<ul>\n<li>Uso da m\u00e1quina Overloque ou Reta (a depender da sua especialidade) para montagem de roupas de beb\u00ea\/moda infantil.<\/li>\n<\/ul>\n<p>Escolaridade M\u00ednima: Ensino Fundamental (1\u00ba grau)<\/p>\n<p>Sal\u00e1rio: 1800,0<\/p>\n","protected":false},"excerpt":{"rendered":"<p>Costureira &#8211; Botafogo\/RJ Nosso cliente \u00e9 uma empresa \u00e9 especializada na produ\u00e7\u00e3o de roupas para beb\u00eas e moda infantil dos 0 at\u00e9 os 6 anos! Voc\u00ea ser\u00e1 respons\u00e1vel por trabalhar com a m\u00e1quina de costura Overloque ou Reta (a depender da sua especialidade), recebendo diferentes tipos de pe\u00e7as para serem produzidas. FUN\u00c7\u00d5ES &#8211; Uso da [&hellip;]<\/p>\n","protected":false},"author":1,"featured_media":0,"comment_status":"open","ping_status":"open","sticky":false,"template":"","format":"standard","meta":{"footnotes":""},"categories":[21],"tags":[],"class_list":["post-4216","post","type-post","status-publish","format-standard","hentry","category-rio-de-janeiro-rj"],"_links":{"self":[{"href":"https:\/\/vagas.portalemprego.com.br\/index.php?rest_route=\/wp\/v2\/posts\/4216","targetHints":{"allow":["GET"]}}],"collection":[{"href":"https:\/\/vagas.portalemprego.com.br\/index.php?rest_route=\/wp\/v2\/posts"}],"about":[{"href":"https:\/\/vagas.portalemprego.com.br\/index.php?rest_route=\/wp\/v2\/types\/post"}],"author":[{"embeddable":true,"href":"https:\/\/vagas.portalemprego.com.br\/index.php?rest_route=\/wp\/v2\/users\/1"}],"replies":[{"embeddable":true,"href":"https:\/\/vagas.portalemprego.com.br\/index.php?rest_route=%2Fwp%2Fv2%2Fcomments&post=4216"}],"version-history":[{"count":0,"href":"https:\/\/vagas.portalemprego.com.br\/index.php?rest_route=\/wp\/v2\/posts\/4216\/revisions"}],"wp:attachment":[{"href":"https:\/\/vagas.portalemprego.com.br\/index.php?rest_route=%2Fwp%2Fv2%2Fmedia&parent=4216"}],"wp:term":[{"taxonomy":"category","embeddable":true,"href":"https:\/\/vagas.portalemprego.com.br\/index.php?rest_route=%2Fwp%2Fv2%2Fcategories&post=4216"},{"taxonomy":"post_tag","embeddable":true,"href":"https:\/\/vagas.portalemprego.com.br\/index.php?rest_route=%2Fwp%2Fv2%2Ftags&post=4216"}],"curies":[{"name":"wp","href":"https:\/\/api.w.org\/{rel}","templated":true}]}}