{"id":4219,"date":"2026-04-29T06:24:24","date_gmt":"2026-04-29T09:24:24","guid":{"rendered":"https:\/\/vagas.portalemprego.com.br\/?p=4219"},"modified":"2026-04-29T06:24:24","modified_gmt":"2026-04-29T09:24:24","slug":"porteiro-barra-seguranca-rio-de-janeiro","status":"publish","type":"post","link":"https:\/\/vagas.portalemprego.com.br\/?p=4219","title":{"rendered":"Porteiro &#8211; BARRA &#8211; Seguran\u00e7a &#8211; Rio de Janeiro"},"content":{"rendered":"<p>Estamos em busca de um profissional para o cargo de Porteiro na \u00e1rea da Barra.<br \/>\nBuscamos algu\u00e9m que n\u00e3o apenas cumpra as responsabilidades b\u00e1sicas da fun\u00e7\u00e3o, mas que tamb\u00e9m agregue valor com habilidades adicionais.<br \/>\nO candidato ideal deve residir nas proximidades para garantir uma presen\u00e7a constante e eficiente.<\/p>\n<p>A experi\u00eancia em portaria \u00e9 fundamental, assim como o conhecimento em inform\u00e1tica para lidar com sistemas de controle de acesso e registros.<br \/>\n\u00c9 importante que o candidato tenha familiaridade com r\u00e1dios HT, uma vez que isso \u00e9 essencial para comunica\u00e7\u00e3o eficaz com equipes de seguran\u00e7a e moradores.<\/p>\n<p>A capacidade de atendimento ao p\u00fablico \u00e9 um requisito crucial, pois interagir\u00e1 com visitantes, moradores e funcion\u00e1rios de forma amig\u00e1vel e profissional.<br \/>\nExperi\u00eancia em condom\u00ednios \u00e9 um diferencial, pois demonstra a capacidade de lidar com as especificidades e demandas desse tipo de ambiente.<\/p>\n<p>Disponibilidade de hor\u00e1rio flex\u00edvel \u00e9 necess\u00e1ria para garantir que o porteiro possa estar presente durante os turnos de trabalho estabelecidos.<br \/>\nO candidato deve ser respons\u00e1vel, observador e capaz de manter a seguran\u00e7a e o bom funcionamento da \u00e1rea.<\/p>\n<p>Se voc\u00ea se identifica com esses requisitos e tem o perfil descrito, esta oportunidade pode ser perfeita para voc\u00ea.<br \/>\nJunte-se a n\u00f3s e contribua para manter um ambiente seguro e acolhedor.<\/p>\n<ul>\n<li>N\u00famero de vagas: 10<\/li>\n<li>Local de trabalho: Rio de Janeiro, RJ<\/li>\n<li>Regime de contrata\u00e7\u00e3o de tipo: Efetivo \u2013 CLT<\/li>\n<li>Jornada: Per\u00edodo Integral<\/li>\n<li>\u00c1rea e especializa\u00e7\u00e3o profissional: Seguran\u00e7a &#8211; Portaria Industrial, Comercial, Resid\u00eancial<\/li>\n<li>N\u00edvel hier\u00e1rquico: Operacional<\/li>\n<\/ul>\n<p>VALORIZADO<\/p>\n<p>Tempo de experi\u00eancia: Entre 1 e 3 anos<\/p>\n<p>HABILIDADES<\/p>\n<ul>\n<li>conhecimento com radio HT<\/li>\n<li>conhecimento em informatica<\/li>\n<li>morar proximo<\/li>\n<li>experiencia em condominio<\/li>\n<li>Experiencia em portaria<\/li>\n<li>experiencia em atendimento<\/li>\n<li>disponibilidade de horario<\/li>\n<\/ul>\n<p>Escolaridade M\u00ednima: Ensino M\u00e9dio (2\u00ba Grau)<\/p>\n<ul>\n<li>Vale alimenta\u00e7\u00e3o<\/li>\n<li>vale transporte<\/li>\n<\/ul>\n","protected":false},"excerpt":{"rendered":"<p>Estamos em busca de um profissional para o cargo de Porteiro na \u00e1rea da Barra. Buscamos algu\u00e9m que n\u00e3o apenas cumpra as responsabilidades b\u00e1sicas da fun\u00e7\u00e3o, mas que tamb\u00e9m agregue valor com habilidades adicionais. O candidato ideal deve residir nas proximidades para garantir uma presen\u00e7a constante e eficiente. A experi\u00eancia em portaria \u00e9 fundamental, assim [&hellip;]<\/p>\n","protected":false},"author":1,"featured_media":0,"comment_status":"open","ping_status":"open","sticky":false,"template":"","format":"standard","meta":{"footnotes":""},"categories":[21],"tags":[],"class_list":["post-4219","post","type-post","status-publish","format-standard","hentry","category-rio-de-janeiro-rj"],"_links":{"self":[{"href":"https:\/\/vagas.portalemprego.com.br\/index.php?rest_route=\/wp\/v2\/posts\/4219","targetHints":{"allow":["GET"]}}],"collection":[{"href":"https:\/\/vagas.portalemprego.com.br\/index.php?rest_route=\/wp\/v2\/posts"}],"about":[{"href":"https:\/\/vagas.portalemprego.com.br\/index.php?rest_route=\/wp\/v2\/types\/post"}],"author":[{"embeddable":true,"href":"https:\/\/vagas.portalemprego.com.br\/index.php?rest_route=\/wp\/v2\/users\/1"}],"replies":[{"embeddable":true,"href":"https:\/\/vagas.portalemprego.com.br\/index.php?rest_route=%2Fwp%2Fv2%2Fcomments&post=4219"}],"version-history":[{"count":0,"href":"https:\/\/vagas.portalemprego.com.br\/index.php?rest_route=\/wp\/v2\/posts\/4219\/revisions"}],"wp:attachment":[{"href":"https:\/\/vagas.portalemprego.com.br\/index.php?rest_route=%2Fwp%2Fv2%2Fmedia&parent=4219"}],"wp:term":[{"taxonomy":"category","embeddable":true,"href":"https:\/\/vagas.portalemprego.com.br\/index.php?rest_route=%2Fwp%2Fv2%2Fcategories&post=4219"},{"taxonomy":"post_tag","embeddable":true,"href":"https:\/\/vagas.portalemprego.com.br\/index.php?rest_route=%2Fwp%2Fv2%2Ftags&post=4219"}],"curies":[{"name":"wp","href":"https:\/\/api.w.org\/{rel}","templated":true}]}}